{"id":19641,"date":"2021-03-30T15:38:21","date_gmt":"2021-03-30T15:38:21","guid":{"rendered":"https:\/\/www.radiopresidenteibanez.cl\/web\/?p=19641"},"modified":"2021-03-30T15:38:26","modified_gmt":"2021-03-30T15:38:26","slug":"corporacion-municipal-de-cultura-turismo-y-patrimonio-de-natales-creo-comite-asesor-patrimonial","status":"publish","type":"post","link":"https:\/\/www.radiopresidenteibanez.cl\/web\/corporacion-municipal-de-cultura-turismo-y-patrimonio-de-natales-creo-comite-asesor-patrimonial\/","title":{"rendered":"CORPORACI\u00d3N MUNICIPAL DE CULTURA, TURISMO Y PATRIMONIO DE NATALES CRE\u00d3 COMIT\u00c9 ASESOR PATRIMONIAL"},"content":{"rendered":"\n<p>Con el fin de preservar y fomentar\nel patrimonio cultural de Natales, la Ilustre Municipalidad de Natales junto a\nla Corporaci\u00f3n de Cultura, Turismo y Patrimonio, conformaron por primera vez un\nComit\u00e9 Asesor Comunal Patrimonial.<\/p>\n\n\n\n<p>La creaci\u00f3n del comit\u00e9 fue\nmandatada por el alcalde Fernando Paredes y est\u00e1 integrada por funcionarios del\nMuseo Hist\u00f3rico Municipal, la biblioteca municipal, direcciones municipales, la\nCorporaci\u00f3n Municipal de Educaci\u00f3n, Salud y Menores y la Corporaci\u00f3n de Cultura,\nTurismo y Patrimonio de Natales.<\/p>\n\n\n\n<p>&nbsp;El Director Ejecutivo de la\nCorporaci\u00f3n, Jos\u00e9 Urra, manifest\u00f3 que el trabajo municipal a trav\u00e9s de\ndistintos proyectos ha sido una constante, \u201chay una serie de esfuerzos que se\nhan realizado en torno al patrimonio, pero no han sido debidamente conformados\no estructurados para poder empezar a trabajar de una forma m\u00e1s elaborada\nrespecto al patrimonio de nuestra comuna, es por eso que sentimos la necesidad\nde conformar este comit\u00e9 y empezar a dibujar los lineamientos del trabajo patrimonial\u201d.<\/p>\n\n\n\n<p>Junto con lo\nanterior, Jos\u00e9 Urra, se\u00f1al\u00f3 que en esta reuni\u00f3n se defini\u00f3 que Jos\u00e9 Luis\nOyarz\u00fan asuma como Secretario Ejecutivo, quien ser\u00e1 el encargado de coordinar al\ncomit\u00e9 asesor patrimonial.<\/p>\n\n\n\n<p>En tanto, Jos\u00e9\nLuis Oyarz\u00fan, encargado de la Unidad de Turismo, subray\u00f3 que este es el paso\ninicial para crear una Unidad de Patrimonio. \u201cEs fundamental que se pueda\npotenciar el registro y la conservaci\u00f3n del patrimonio cultural en todos sus\n\u00e1mbitos, pero que tambi\u00e9n, podamos potenciar el funcionamiento de las\nbibliotecas p\u00fablicas de Puerto Natales y Puerto Ed\u00e9n\u201d.<\/p>\n\n\n\n<p>Finalmente, el\nSecretario y miembro del comit\u00e9, recalc\u00f3 que ahora se podr\u00e1 comenzar a desarrollar\nuna planificaci\u00f3n con el apoyo de todos, mencionando que \u201cm\u00e1s adelante se van a\nconformar grupos de participaci\u00f3n con la comunidad en las diferentes \u00e1reas. Entonces,\nvamos a empezar a trabajar con el Centro de Estudios Hist\u00f3ricos, las\ncomunidades ind\u00edgenas y los profesores de historia, d\u00e1ndole el realce que\ncorresponde a nuestro patrimonio cultural\u201d.<\/p>\n","protected":false},"excerpt":{"rendered":"<p>Con el fin de preservar y fomentar el patrimonio cultural de Natales, la Ilustre Municipalidad de Natales junto a la Corporaci\u00f3n de Cultura, Turismo y Patrimonio, conformaron por primera vez&#8230; <a class=\"read-more\" href=\"https:\/\/www.radiopresidenteibanez.cl\/web\/corporacion-municipal-de-cultura-turismo-y-patrimonio-de-natales-creo-comite-asesor-patrimonial\/\">Leer m\u00e1s<\/a><\/p>\n","protected":false},"author":2,"featured_media":17834,"comment_status":"closed","ping_status":"closed","sticky":false,"template":"","format":"standard","meta":{"footnotes":""},"categories":[1],"tags":[],"class_list":["post-19641","post","type-post","status-publish","format-standard","has-post-thumbnail","hentry","category-cronica"],"_links":{"self":[{"href":"https:\/\/www.radiopresidenteibanez.cl\/web\/wp-json\/wp\/v2\/posts\/19641","targetHints":{"allow":["GET"]}}],"collection":[{"href":"https:\/\/www.radiopresidenteibanez.cl\/web\/wp-json\/wp\/v2\/posts"}],"about":[{"href":"https:\/\/www.radiopresidenteibanez.cl\/web\/wp-json\/wp\/v2\/types\/post"}],"author":[{"embeddable":true,"href":"https:\/\/www.radiopresidenteibanez.cl\/web\/wp-json\/wp\/v2\/users\/2"}],"replies":[{"embeddable":true,"href":"https:\/\/www.radiopresidenteibanez.cl\/web\/wp-json\/wp\/v2\/comments?post=19641"}],"version-history":[{"count":0,"href":"https:\/\/www.radiopresidenteibanez.cl\/web\/wp-json\/wp\/v2\/posts\/19641\/revisions"}],"wp:featuredmedia":[{"embeddable":true,"href":"https:\/\/www.radiopresidenteibanez.cl\/web\/wp-json\/wp\/v2\/media\/17834"}],"wp:attachment":[{"href":"https:\/\/www.radiopresidenteibanez.cl\/web\/wp-json\/wp\/v2\/media?parent=19641"}],"wp:term":[{"taxonomy":"category","embeddable":true,"href":"https:\/\/www.radiopresidenteibanez.cl\/web\/wp-json\/wp\/v2\/categories?post=19641"},{"taxonomy":"post_tag","embeddable":true,"href":"https:\/\/www.radiopresidenteibanez.cl\/web\/wp-json\/wp\/v2\/tags?post=19641"}],"curies":[{"name":"wp","href":"https:\/\/api.w.org\/{rel}","templated":true}]}}