{"id":19638,"date":"2021-03-30T15:36:13","date_gmt":"2021-03-30T15:36:13","guid":{"rendered":"https:\/\/www.radiopresidenteibanez.cl\/web\/?p=19638"},"modified":"2021-03-30T15:36:19","modified_gmt":"2021-03-30T15:36:19","slug":"aguas-magallanes-celebro-la-semana-del-agua","status":"publish","type":"post","link":"https:\/\/www.radiopresidenteibanez.cl\/web\/aguas-magallanes-celebro-la-semana-del-agua\/","title":{"rendered":"AGUAS MAGALLANES CELEBR\u00d3 \u201cLA SEMANA DEL AGUA\u201d"},"content":{"rendered":"\n<p>Si bien \u201cel d\u00eda mundial del agua\u201d se enmarca en una jornada (22 de marzo) Aguas Magallanes sum\u00f3 diversas actividades durante toda la semana, como una forma de relevar la importancia de este vital recurso y con ello, mostrar a la comunidad parte del trabajo que se realiza a diario para entregar un servicio continuo y de calidad.<\/p>\n\n\n\n<p>Fue as\u00ed que junto a profesionales y t\u00e9cnicos, desde las instalaciones de Punta Arenas, Natales y Porvenir, Aguas Magallanes se conect\u00f3 con la comunidad para difundir a trav\u00e9s de sus redes sociales, v\u00eddeos e informaci\u00f3n sobre las captaciones de agua cruda, el proceso de producci\u00f3n y la importancia de las redes de distribuci\u00f3n para llevar hasta los hogares este elemento precioso, entre otros.&nbsp; Todo el material se encuentra disponible en la plataforma Facebook de Aguas Magallanes.<\/p>\n","protected":false},"excerpt":{"rendered":"<p>Si bien \u201cel d\u00eda mundial del agua\u201d se enmarca en una jornada (22 de marzo) Aguas Magallanes sum\u00f3 diversas actividades durante toda la semana, como una forma de relevar la&#8230; <a class=\"read-more\" href=\"https:\/\/www.radiopresidenteibanez.cl\/web\/aguas-magallanes-celebro-la-semana-del-agua\/\">Leer m\u00e1s<\/a><\/p>\n","protected":false},"author":2,"featured_media":19639,"comment_status":"closed","ping_status":"closed","sticky":false,"template":"","format":"standard","meta":{"footnotes":""},"categories":[1],"tags":[],"class_list":["post-19638","post","type-post","status-publish","format-standard","has-post-thumbnail","hentry","category-cronica"],"_links":{"self":[{"href":"https:\/\/www.radiopresidenteibanez.cl\/web\/wp-json\/wp\/v2\/posts\/19638","targetHints":{"allow":["GET"]}}],"collection":[{"href":"https:\/\/www.radiopresidenteibanez.cl\/web\/wp-json\/wp\/v2\/posts"}],"about":[{"href":"https:\/\/www.radiopresidenteibanez.cl\/web\/wp-json\/wp\/v2\/types\/post"}],"author":[{"embeddable":true,"href":"https:\/\/www.radiopresidenteibanez.cl\/web\/wp-json\/wp\/v2\/users\/2"}],"replies":[{"embeddable":true,"href":"https:\/\/www.radiopresidenteibanez.cl\/web\/wp-json\/wp\/v2\/comments?post=19638"}],"version-history":[{"count":0,"href":"https:\/\/www.radiopresidenteibanez.cl\/web\/wp-json\/wp\/v2\/posts\/19638\/revisions"}],"wp:featuredmedia":[{"embeddable":true,"href":"https:\/\/www.radiopresidenteibanez.cl\/web\/wp-json\/wp\/v2\/media\/19639"}],"wp:attachment":[{"href":"https:\/\/www.radiopresidenteibanez.cl\/web\/wp-json\/wp\/v2\/media?parent=19638"}],"wp:term":[{"taxonomy":"category","embeddable":true,"href":"https:\/\/www.radiopresidenteibanez.cl\/web\/wp-json\/wp\/v2\/categories?post=19638"},{"taxonomy":"post_tag","embeddable":true,"href":"https:\/\/www.radiopresidenteibanez.cl\/web\/wp-json\/wp\/v2\/tags?post=19638"}],"curies":[{"name":"wp","href":"https:\/\/api.w.org\/{rel}","templated":true}]}}