{"id":19632,"date":"2021-03-30T03:15:00","date_gmt":"2021-03-30T03:15:00","guid":{"rendered":"https:\/\/www.radiopresidenteibanez.cl\/web\/?p=19632"},"modified":"2021-03-29T19:42:11","modified_gmt":"2021-03-29T19:42:11","slug":"mas-de-20-mil-hogares-de-magallanes-comenzaron-a-recibir-el-ife-y-bono-covid-de-marzo","status":"publish","type":"post","link":"https:\/\/www.radiopresidenteibanez.cl\/web\/mas-de-20-mil-hogares-de-magallanes-comenzaron-a-recibir-el-ife-y-bono-covid-de-marzo\/","title":{"rendered":"M\u00c1S DE 20 MIL HOGARES DE MAGALLANES COMENZARON A RECIBIR EL IFE Y BONO COVID DE MARZO"},"content":{"rendered":"\n<p>A contar del pasado viernes comenz\u00f3 el proceso de pago del Ingreso Familiar de Emergencia (IFE) y Bono Covid correspondiente al mes de marzo, beneficiando a 2,5 millones de hogares y cerca de 6,6 millones de personas en el pa\u00eds.<\/p>\n\n\n\n<p>Para este tercer pago del a\u00f1o se consider\u00f3 el periodo entre el 25 de enero hasta el 28 de febrero en que estuvo cada comuna del pa\u00eds seg\u00fan la fase del Plan Paso a Paso, debido a que los montos dependen de este factor, los que van desde los $100 mil a los $25 mil por integrante.<\/p>\n\n\n\n<p>La Intendenta de Magallanes y la Ant\u00e1rtica Chilena, Jenniffer Rojas, se\u00f1al\u00f3 que \u201ccon el IFE y Bono Covid de marzo estamos llegando a 20.438 hogares de la regi\u00f3n, beneficios que forman parte del conjunto de medidas reunidas en la Red de Protecci\u00f3n Social, y que debido a la pandemia ser\u00e1 robustecida para apoyar adem\u00e1s a la clase media, a las Pymes, proteger al empleo y al sistema de salud\u201d.<\/p>\n\n\n\n<p>A su vez, la Seremi de Desarrollo Social y Familia, Liz Casanueva, valor\u00f3 el esfuerzo del Gobierno en extender ambos apoyos. \u201cQuiero hacer un llamado a que la comunidad solicite estas ayudas que se extender\u00e1n hasta el mes de junio. Las solicitudes para el mes de abril estar\u00e1n abiertas entre el 8 y el 18 de abril en el sitio web&nbsp;<a href=\"http:\/\/www.ingresodeemergencia\/\" target=\"_blank\" rel=\"noreferrer noopener\">www.ingresodeemergencia<\/a>.cl&nbsp;&nbsp;y deber\u00e1n postular quienes no recibieron el sexto aporte del IFE (29 de octubre) y aquellos hogares que se encuentren dentro del 60% m\u00e1s vulnerable seg\u00fan el Registro Social de Hogares (RSH). En cambio los hogares que si recibieron el sexto aporte del IFE, que cuenten con al menos un integrante del Subsidio \u00danico Familiar (SUF) o un usuario del Subsistema Seguridad y Oportunidades (SSyOO) recibir\u00e1n el pago de forma autom\u00e1tica, sin necesidad de solicitarlo a trav\u00e9s del sitio web\u201d, manifest\u00f3.<\/p>\n\n\n\n<p>Respecto a las fases el P&nbsp;lan Paso a Paso en que estuvo cada comuna, Natales, Porvenir y Punta Arenas recibir\u00e1n un monto de $40.000 por persona integrante del hogar por encontrase en la fase de Transici\u00f3n durante el periodo se\u00f1alado. Mientras que las comunas de&nbsp;&nbsp;Cabo de Hornos, Ant\u00e1rtica, Laguna Blanca, Primavera, R\u00edo Verde, San Gregorio, Timaukel, Torres del Paine, por haber estado en Preparaci\u00f3n, obtendr\u00e1n $25.000.<\/p>\n\n\n\n<p>El proceso de pago se inici\u00f3 el viernes 26 de marzo para quienes reciben el pago en la Cuenta Rut del Banco Estado, mientras que a contar de hoy lunes se dar\u00e1 inicio a los pagos presenciales que ser\u00e1n a trav\u00e9s de la Caja de Compensaci\u00f3n Los H\u00e9roes y sucursales del Banco Estado.<\/p>\n","protected":false},"excerpt":{"rendered":"<p>A contar del pasado viernes comenz\u00f3 el proceso de pago del Ingreso Familiar de Emergencia (IFE) y Bono Covid correspondiente al mes de marzo, beneficiando a 2,5 millones de hogares&#8230; <a class=\"read-more\" href=\"https:\/\/www.radiopresidenteibanez.cl\/web\/mas-de-20-mil-hogares-de-magallanes-comenzaron-a-recibir-el-ife-y-bono-covid-de-marzo\/\">Leer m\u00e1s<\/a><\/p>\n","protected":false},"author":2,"featured_media":19633,"comment_status":"closed","ping_status":"closed","sticky":false,"template":"","format":"standard","meta":{"footnotes":""},"categories":[1],"tags":[],"class_list":["post-19632","post","type-post","status-publish","format-standard","has-post-thumbnail","hentry","category-cronica"],"_links":{"self":[{"href":"https:\/\/www.radiopresidenteibanez.cl\/web\/wp-json\/wp\/v2\/posts\/19632","targetHints":{"allow":["GET"]}}],"collection":[{"href":"https:\/\/www.radiopresidenteibanez.cl\/web\/wp-json\/wp\/v2\/posts"}],"about":[{"href":"https:\/\/www.radiopresidenteibanez.cl\/web\/wp-json\/wp\/v2\/types\/post"}],"author":[{"embeddable":true,"href":"https:\/\/www.radiopresidenteibanez.cl\/web\/wp-json\/wp\/v2\/users\/2"}],"replies":[{"embeddable":true,"href":"https:\/\/www.radiopresidenteibanez.cl\/web\/wp-json\/wp\/v2\/comments?post=19632"}],"version-history":[{"count":0,"href":"https:\/\/www.radiopresidenteibanez.cl\/web\/wp-json\/wp\/v2\/posts\/19632\/revisions"}],"wp:featuredmedia":[{"embeddable":true,"href":"https:\/\/www.radiopresidenteibanez.cl\/web\/wp-json\/wp\/v2\/media\/19633"}],"wp:attachment":[{"href":"https:\/\/www.radiopresidenteibanez.cl\/web\/wp-json\/wp\/v2\/media?parent=19632"}],"wp:term":[{"taxonomy":"category","embeddable":true,"href":"https:\/\/www.radiopresidenteibanez.cl\/web\/wp-json\/wp\/v2\/categories?post=19632"},{"taxonomy":"post_tag","embeddable":true,"href":"https:\/\/www.radiopresidenteibanez.cl\/web\/wp-json\/wp\/v2\/tags?post=19632"}],"curies":[{"name":"wp","href":"https:\/\/api.w.org\/{rel}","templated":true}]}}