{"id":19626,"date":"2021-03-30T02:30:00","date_gmt":"2021-03-30T02:30:00","guid":{"rendered":"https:\/\/www.radiopresidenteibanez.cl\/web\/?p=19626"},"modified":"2021-03-29T19:36:23","modified_gmt":"2021-03-29T19:36:23","slug":"realizan-homenaje-artistico-a-profesionales-de-la-salud-en-hospital-clinico-de-punta-arenas","status":"publish","type":"post","link":"https:\/\/www.radiopresidenteibanez.cl\/web\/realizan-homenaje-artistico-a-profesionales-de-la-salud-en-hospital-clinico-de-punta-arenas\/","title":{"rendered":"REALIZAN HOMENAJE ART\u00cdSTICO A PROFESIONALES  DE LA SALUD EN HOSPITAL CL\u00cdNICO DE PUNTA ARENAS"},"content":{"rendered":"\n<p>Artistas regionales y la Seremi de las Culturas,\nlas Artes y el Patrimonio, inspirados por la abnegada labor de las funcionarias\ny funcionarios del servicio de salud, que hacen frente a la pandemia Covid-19,\noptaron por reconocer y agradecer su incansable desempe\u00f1o, a trav\u00e9s de la\ncreaci\u00f3n.<\/p>\n\n\n\n<p>La ma\u00f1ana de este lunes, la escultora Paola Vezzani\nGonz\u00e1lez, junto a la Intendenta de Magallanes, Jennifer Rojas Garc\u00eda y la\nSeremi de las Culturas, Katherine Ibacache Calder\u00f3n, hicieron entrega al\ndirector del Hospital\nCl\u00ednico \u00abDr. Lautaro Navarro Avaria\u00bb (HCM), de Punta Arenas, Ricardo Contreras Fa\u00fandez, de\nla obra \u00abFaro\u00bb.&nbsp;<\/p>\n\n\n\n<p>\u201cRecib\u00ed\nel encargo de hacer un homenaje a la gente de salud y me toc\u00f3 muy profundo.\nHab\u00eda estado desarrollando esta idea del Faro y en este caso me calz\u00f3 perfecto,\nporque un faro es una se\u00f1al. Funciona como un indicio de esperanza y\nagradecimiento a la gente de salud. Al final de todo esto, vamos a estar bien,\npero tenemos que mantener esa esperanza y esa se\u00f1al hacia el futuro\u201d, explic\u00f3 Vezzani Gonz\u00e1lez, sobre la obra que se convertir\u00e1 en testimonio de la\nexpresi\u00f3n art\u00edstica ante la crisis sanitaria.<\/p>\n\n\n\n<p>Para la Intendenta de Magallanes la iniciativa interpreta\nel sentimiento de la comunidad hacia los profesionales de los servicios de\nsalud. \u201cLa entrega y el compromiso que han demostrado los equipos de Salud es\ndigno de un gran reconocimiento. Hoy la seremi de las Culturas, las Artes y el\nPatrimonio, a trav\u00e9s del talento de la reconocida artista magall\u00e1nica, Paola\nVezzani est\u00e1 demostrando el valor y agradecimiento que todos sentimos hacia los\nfuncionarios de la Salud, que sin descanso siguen luchando por salvar vidas y\nganarle a la pandemia. Agradezco a la seremi Katherine Ibacache, a Paola\nVezzani y a la direcci\u00f3n del Hospital Cl\u00ednico Magallanes por permitir\nmanifestar esta gratitud y orgullo a los trabajadores de la Salud. S\u00e9 que esta\niniciativa se replic\u00f3 en todas las provincias, lo que sin duda quedar\u00e1 como\ntestimonio del gran desempe\u00f1o y agradecimiento que sentimos hacia ellos\u201d,\ncoment\u00f3 la autoridad.<\/p>\n\n\n\n<p>La Seremi de las Culturas, junto con agradecer la\ndisposici\u00f3n de la artista por acceder a la propuesta impulsada por la\ninstituci\u00f3n, resalt\u00f3 la labor de los profesionales de la salud. \u201cLa artista\nPaola Vezzani hace un homenaje a las y los funcionarios de la salud, con la\nobra Faro, que representa la esperanza; es una luz y una gu\u00eda para quienes han\ntrabajado todos los d\u00edas y de manera incansable desde hace m\u00e1s de un a\u00f1o en el\ncombate contra la pandemia. Nuestro agradecimiento y reconocimiento por la gran\nlabor que han desarrollado\u201d, recalc\u00f3.<\/p>\n\n\n\n<p>El Director del HCM, resalt\u00f3 que la instalaci\u00f3n de la escultura\nes un est\u00edmulo para continuar haciendo frente a la adversidad y refuerza el\n\u00e1nimo en tiempos complejos. &nbsp;&nbsp;<\/p>\n\n\n\n<p>\u201cPara nosotros es\nuna ma\u00f1ana muy especial ya que este homenaje que se materializa en los\nfuncionarios de salud de nuestro Hospital, nos llena de incentivo para seguir\nadelante. Debemos reconocer esta maravillosa obra de la artista regional Paola\nVezzani, denominada \u201cEl Faro\u201d, una estructura met\u00e1lica de m\u00e1s de 2 metros de\nacero, que para nosotros representa las dificultades, el viento, tempestad y\noc\u00e9anos, pero tambi\u00e9n la vegetaci\u00f3n impulsada hacia lo alto que, finalmente se\ntraduce en una luz de esperanza. Debemos seguir cuid\u00e1ndonos entre todos para\nhacer frente y contener esta pandemia que nos ha golpeado en la regi\u00f3n\u201d, dijo Ricardo Contreras Fa\u00fandez.<\/p>\n\n\n\n<p><strong>LA OBRA<\/strong><\/p>\n\n\n\n<p>\u201cFaro\u201d,\nes una escultura elaborada en acero, de 2,3 mts. de alto por 40 cms. de di\u00e1metro inferior.\nLa pieza c\u00f3nica incluye calados de diferentes tama\u00f1os que simulan movimiento. \u201cLos\ncalados evocan el viento, energ\u00eda y vegetaci\u00f3n que parece fluir en espiral\nascendente abri\u00e9ndose hacia al cielo, como se\u00f1al de esperanza\u201d, precis\u00f3 la\nautora.\n\nLa Seremi de las\nCulturas, las Artes y el Patrimonio, a trav\u00e9s del programa Fortalecimiento de\nla Identidad Cultural Regional, determin\u00f3 rendir un homenaje a las y los\nfuncionarios del servicio de salud de la regi\u00f3n de Magallanes. En febrero\npasado se instal\u00f3 en el hospital de Puerto Natales, la obra pict\u00f3rica \u00abResiliencia\u201d,\nde&nbsp;Mauricio Valencia C\u00e1rdenas. Pr\u00f3ximamente ser\u00e1n entregados,\noficialmente, los trabajos de Vicente Gonz\u00e1lez Mimica y Eladio Godoy Vera, a\nlos centros asistenciales de Porvenir y Puerto Williams, respectivamente.\n\n\n\n<\/p>\n","protected":false},"excerpt":{"rendered":"<p>Artistas regionales y la Seremi de las Culturas, las Artes y el Patrimonio, inspirados por la abnegada labor de las funcionarias y funcionarios del servicio de salud, que hacen frente&#8230; <a class=\"read-more\" href=\"https:\/\/www.radiopresidenteibanez.cl\/web\/realizan-homenaje-artistico-a-profesionales-de-la-salud-en-hospital-clinico-de-punta-arenas\/\">Leer m\u00e1s<\/a><\/p>\n","protected":false},"author":2,"featured_media":19627,"comment_status":"closed","ping_status":"closed","sticky":false,"template":"","format":"standard","meta":{"footnotes":""},"categories":[1],"tags":[],"class_list":["post-19626","post","type-post","status-publish","format-standard","has-post-thumbnail","hentry","category-cronica"],"_links":{"self":[{"href":"https:\/\/www.radiopresidenteibanez.cl\/web\/wp-json\/wp\/v2\/posts\/19626","targetHints":{"allow":["GET"]}}],"collection":[{"href":"https:\/\/www.radiopresidenteibanez.cl\/web\/wp-json\/wp\/v2\/posts"}],"about":[{"href":"https:\/\/www.radiopresidenteibanez.cl\/web\/wp-json\/wp\/v2\/types\/post"}],"author":[{"embeddable":true,"href":"https:\/\/www.radiopresidenteibanez.cl\/web\/wp-json\/wp\/v2\/users\/2"}],"replies":[{"embeddable":true,"href":"https:\/\/www.radiopresidenteibanez.cl\/web\/wp-json\/wp\/v2\/comments?post=19626"}],"version-history":[{"count":0,"href":"https:\/\/www.radiopresidenteibanez.cl\/web\/wp-json\/wp\/v2\/posts\/19626\/revisions"}],"wp:featuredmedia":[{"embeddable":true,"href":"https:\/\/www.radiopresidenteibanez.cl\/web\/wp-json\/wp\/v2\/media\/19627"}],"wp:attachment":[{"href":"https:\/\/www.radiopresidenteibanez.cl\/web\/wp-json\/wp\/v2\/media?parent=19626"}],"wp:term":[{"taxonomy":"category","embeddable":true,"href":"https:\/\/www.radiopresidenteibanez.cl\/web\/wp-json\/wp\/v2\/categories?post=19626"},{"taxonomy":"post_tag","embeddable":true,"href":"https:\/\/www.radiopresidenteibanez.cl\/web\/wp-json\/wp\/v2\/tags?post=19626"}],"curies":[{"name":"wp","href":"https:\/\/api.w.org\/{rel}","templated":true}]}}