{"id":19621,"date":"2021-03-30T02:00:00","date_gmt":"2021-03-30T02:00:00","guid":{"rendered":"https:\/\/www.radiopresidenteibanez.cl\/web\/?p=19621"},"modified":"2021-03-29T19:31:34","modified_gmt":"2021-03-29T19:31:34","slug":"mujeres-jefas-de-hogar-58-trabajadoras-egresaron-del-exitoso-programa","status":"publish","type":"post","link":"https:\/\/www.radiopresidenteibanez.cl\/web\/mujeres-jefas-de-hogar-58-trabajadoras-egresaron-del-exitoso-programa\/","title":{"rendered":"MUJERES JEFAS DE HOGAR: 58 TRABAJADORAS EGRESARON DEL EXITOSO PROGRAMA"},"content":{"rendered":"\n<p>Con gran satisfacci\u00f3n por el logro alcanzado,\nel pasado 24 de marzo, a trav\u00e9s de una ceremonia virtual, &nbsp;se llev\u00f3 a cabo el egreso de 58 participantes\ndel programa Mujeres Jefas de Hogar, que busca contribuir en la autonom\u00eda\necon\u00f3mica de las habitantes de la regi\u00f3n, fortaleciendo sus competencias\nlaborales a trav\u00e9s de diversos talleres y charlas enfocados tanto en el trabajo\ndependiente como independiente; as\u00ed como tambi\u00e9n entregando redes de apoyo para\nla b\u00fasqueda de empleo y facilitando la derivaci\u00f3n intersectorial de las\nparticipantes hacia otros programas de apoyo del servicio p\u00fablico. <\/p>\n\n\n\n<p>Mujeres Jefas de Hogar, iniciativa emblem\u00e1tica\nde SERNAMEG, ejecutada por la Gobernaci\u00f3n Provincial de Magallanes, entreg\u00f3 a\nsus estudiantes la posibilidad de participar de&nbsp;\n62 talleres online, entre ellos: marketing digital, cuidado de enfermos\ny adultos mayores e ingl\u00e9s b\u00e1sico. Contando con el apoyo de organismos como el\nFOSIS, SENCE y ENAP. Cabe mencionar, que el programa tambi\u00e9n se ejecuta en\nPuerto Natales, a trav\u00e9s de la Municipalidad.<\/p>\n\n\n\n<p>El gobernador provincial de Magallanes,\nAlejandro V\u00e1squez Servieri, destac\u00f3 el gran aporte de este programa para la\ncomunidad y expres\u00f3 que \u201ces una iniciativa en que se brinda apoyo efectivo. Que\nentrega la ayuda necesaria para que muchas mujeres puedan tener herramientas\npara crecer, contar con independencia econ\u00f3mica y contribuir con el bienestar\nde sus familias\u201d.<\/p>\n\n\n\n<p>De igual forma, hizo menci\u00f3n a los tiempos\ndif\u00edciles que se est\u00e1n viviendo producto de la pandemia, donde este tipo de\napoyo cobra vital importancia y donde&nbsp;\n\u201ccomo Gobernaci\u00f3n debemos doblar nuestro compromiso con la provincia y\nsu gente\u201d, por lo que agradeci\u00f3 \u201cal equipo de profesionales que trabaja en este\nproyecto que se ha transformado en un puente de desarrollo para todas las\nmujeres que participaron en \u00e9l\u201d.<\/p>\n\n\n\n<p>En la misma l\u00ednea, la Directora de SERNAMEG,\nFabiola Garc\u00eda Pinto, explic\u00f3 que \u00abel 42,7% de los hogares en Magallanes\nes encabezado por una mujer, doblando las cifras que se registraban a principios\nde los noventa, cuando nac\u00eda este programa al alero del recientemente creado\nSERNAM\u201d y agreg\u00f3 que \u201ces evidente el avance que ha tenido la inserci\u00f3n de la\nmujer al mundo laboral, sin embargo estamos conscientes de la brecha que a\u00fan\nexiste, y que debe venir de la mano con el avance hacia una cultura de\ncorresponsabilidad en los trabajos dom\u00e9sticos y de cuidado\u201d. Concluyendo, que\n\u201cen ese sentido, Mujeres Jefas de Hogar es un programa fundamental para\nempoderar a las magall\u00e1nicas, fortalecer su autonom\u00eda econ\u00f3mica y especialmente\nsu autonom\u00eda de decisi\u00f3n\u00bb.<\/p>\n\n\n\n<p>Entre las beneficiarias, se encuentra, Karina\nReyes, quien reconoci\u00f3 el aporte que significa para ella haber participado en\n\u201cMujeres Jefas de Hogar\u201d, y&nbsp; expres\u00f3: \u201cestoy\nmuy agradecida por ser parte de este lindo programa. En lo personal me sirvi\u00f3\nmucho, sobre todo en esta \u00e9poca de pandemia donde estuvimos en casa,\nencerradas\u201d, agregando que \u201cyo se que a muchas mujeres les va a servir para el\nd\u00eda a d\u00eda y para sus emprendimientos\u201d.<\/p>\n\n\n\n<p>Junto a las 58 egresadas, otras 28 mujeres\nrecibieron capacitaciones y pudieron desarrollar proyectos laborales, como\nparte del programa, siendo un total de 86 participantes las que se vieron\nbeneficiadas. <\/p>\n\n\n\n<p>La Gobernaci\u00f3n hace un llamado a todas las\nmujeres con responsabilidades familiares a participar del programa y a postular\npara este a\u00f1o 2021, para continuar trabajando, empoderando a la mujer\nmagall\u00e1nica y acortando la brecha de g\u00e9nero en la participaci\u00f3n laboral\nfemenina.<\/p>\n","protected":false},"excerpt":{"rendered":"<p>Con gran satisfacci\u00f3n por el logro alcanzado, el pasado 24 de marzo, a trav\u00e9s de una ceremonia virtual, &nbsp;se llev\u00f3 a cabo el egreso de 58 participantes del programa Mujeres&#8230; <a class=\"read-more\" href=\"https:\/\/www.radiopresidenteibanez.cl\/web\/mujeres-jefas-de-hogar-58-trabajadoras-egresaron-del-exitoso-programa\/\">Leer m\u00e1s<\/a><\/p>\n","protected":false},"author":2,"featured_media":19622,"comment_status":"closed","ping_status":"closed","sticky":false,"template":"","format":"standard","meta":{"footnotes":""},"categories":[1],"tags":[],"class_list":["post-19621","post","type-post","status-publish","format-standard","has-post-thumbnail","hentry","category-cronica"],"_links":{"self":[{"href":"https:\/\/www.radiopresidenteibanez.cl\/web\/wp-json\/wp\/v2\/posts\/19621","targetHints":{"allow":["GET"]}}],"collection":[{"href":"https:\/\/www.radiopresidenteibanez.cl\/web\/wp-json\/wp\/v2\/posts"}],"about":[{"href":"https:\/\/www.radiopresidenteibanez.cl\/web\/wp-json\/wp\/v2\/types\/post"}],"author":[{"embeddable":true,"href":"https:\/\/www.radiopresidenteibanez.cl\/web\/wp-json\/wp\/v2\/users\/2"}],"replies":[{"embeddable":true,"href":"https:\/\/www.radiopresidenteibanez.cl\/web\/wp-json\/wp\/v2\/comments?post=19621"}],"version-history":[{"count":0,"href":"https:\/\/www.radiopresidenteibanez.cl\/web\/wp-json\/wp\/v2\/posts\/19621\/revisions"}],"wp:featuredmedia":[{"embeddable":true,"href":"https:\/\/www.radiopresidenteibanez.cl\/web\/wp-json\/wp\/v2\/media\/19622"}],"wp:attachment":[{"href":"https:\/\/www.radiopresidenteibanez.cl\/web\/wp-json\/wp\/v2\/media?parent=19621"}],"wp:term":[{"taxonomy":"category","embeddable":true,"href":"https:\/\/www.radiopresidenteibanez.cl\/web\/wp-json\/wp\/v2\/categories?post=19621"},{"taxonomy":"post_tag","embeddable":true,"href":"https:\/\/www.radiopresidenteibanez.cl\/web\/wp-json\/wp\/v2\/tags?post=19621"}],"curies":[{"name":"wp","href":"https:\/\/api.w.org\/{rel}","templated":true}]}}