{"id":19619,"date":"2021-03-29T19:27:58","date_gmt":"2021-03-29T19:27:58","guid":{"rendered":"https:\/\/www.radiopresidenteibanez.cl\/web\/?p=19619"},"modified":"2021-03-29T19:28:03","modified_gmt":"2021-03-29T19:28:03","slug":"diputada-amar-presentara-un-requerimiento-ante-la-contraloria-por-carta-del-rector-de-la-umag-a-precandidato-presidencial-del-frente-amplio","status":"publish","type":"post","link":"https:\/\/www.radiopresidenteibanez.cl\/web\/diputada-amar-presentara-un-requerimiento-ante-la-contraloria-por-carta-del-rector-de-la-umag-a-precandidato-presidencial-del-frente-amplio\/","title":{"rendered":"DIPUTADA AMAR PRESENTAR\u00c1 UN REQUERIMIENTO ANTE LA CONTRALOR\u00cdA POR CARTA DEL RECTOR DE LA UMAG A PRECANDIDATO PRESIDENCIAL DEL FRENTE AMPLIO"},"content":{"rendered":"\n<p>La legisladora se\u00f1al\u00f3 que espera que ente contralor\ndetermine si hubo proselitismo pol\u00edtico en la carta enviada por el rector del\nestablecimiento de educaci\u00f3n superior al pre candidato presidencial Gabriel\nBoric.<\/p>\n\n\n\n<p>La diputada por Magallanes, Sandra Amar, junto a los\ndiputados UDI e integrantes de la Comisi\u00f3n de Educaci\u00f3n de la C\u00e1mara Baja,\npresentar\u00e1 un requerimiento en la Contralor\u00eda General de la Rep\u00fablica, para que\nindague sobre un eventual caso de proselitismo pol\u00edtico del rector de la\nUniversidad de Magallanes, Juan Oyarzo P\u00e9rez.<\/p>\n\n\n\n<p>Esto luego que el rector del establecimiento de educaci\u00f3n\nsuperior enviara una carta con membrete y a nombre de la universidad, al\nprecandidato presidencial del Frente Amplio, Gabriel Boric, expres\u00e1ndole su\napoyo.<\/p>\n\n\n\n<p>Amar explic\u00f3 que \u201cnadie puede interferir en las preferencias\npersonales de la gente, independiente del cargo o la instituci\u00f3n que\nrepresente, pero muy distinto es cuando se hace a nombre de una universidad que\ndebe mantener una independencia pol\u00edtica, sea del sector que sea\u201d.<\/p>\n\n\n\n<p>Las explicaciones que da el rector al ministro de Educaci\u00f3n\nadem\u00e1s son muy poco claras porque habla del regionalismo y no de un \u00e1mbito\npol\u00edtico partidista. Si quer\u00eda saludarlo, deber\u00eda haberlo hecho como un\nciudadano com\u00fan y corriente, y no usando una misiva con logos y membretes de la\nuniversidad, por lo que es muy claro que us\u00f3 su cargo para un fin pol\u00edtico\u201d,\na\u00f1adi\u00f3 la legisladora.\n\n\u201cPor ello, junto a un grupo de diputados,\nharemos una presentaci\u00f3n en la Contralor\u00eda para que sea el \u00f3rgano contralor el\nque determine si existe o no intervencionismo por parte del rector de la UMAG,\nal usar abiertamente todo el aparataje de la universidad para mostrar su\nsimpat\u00eda por un determinado candidato presidencial\u201d, anunci\u00f3 la diputada Sandra\nAmar.\n\n\n\n<\/p>\n","protected":false},"excerpt":{"rendered":"<p>La legisladora se\u00f1al\u00f3 que espera que ente contralor determine si hubo proselitismo pol\u00edtico en la carta enviada por el rector del establecimiento de educaci\u00f3n superior al pre candidato presidencial Gabriel&#8230; <a class=\"read-more\" href=\"https:\/\/www.radiopresidenteibanez.cl\/web\/diputada-amar-presentara-un-requerimiento-ante-la-contraloria-por-carta-del-rector-de-la-umag-a-precandidato-presidencial-del-frente-amplio\/\">Leer m\u00e1s<\/a><\/p>\n","protected":false},"author":2,"featured_media":12256,"comment_status":"closed","ping_status":"closed","sticky":false,"template":"","format":"standard","meta":{"footnotes":""},"categories":[1],"tags":[],"class_list":["post-19619","post","type-post","status-publish","format-standard","has-post-thumbnail","hentry","category-cronica"],"_links":{"self":[{"href":"https:\/\/www.radiopresidenteibanez.cl\/web\/wp-json\/wp\/v2\/posts\/19619","targetHints":{"allow":["GET"]}}],"collection":[{"href":"https:\/\/www.radiopresidenteibanez.cl\/web\/wp-json\/wp\/v2\/posts"}],"about":[{"href":"https:\/\/www.radiopresidenteibanez.cl\/web\/wp-json\/wp\/v2\/types\/post"}],"author":[{"embeddable":true,"href":"https:\/\/www.radiopresidenteibanez.cl\/web\/wp-json\/wp\/v2\/users\/2"}],"replies":[{"embeddable":true,"href":"https:\/\/www.radiopresidenteibanez.cl\/web\/wp-json\/wp\/v2\/comments?post=19619"}],"version-history":[{"count":0,"href":"https:\/\/www.radiopresidenteibanez.cl\/web\/wp-json\/wp\/v2\/posts\/19619\/revisions"}],"wp:featuredmedia":[{"embeddable":true,"href":"https:\/\/www.radiopresidenteibanez.cl\/web\/wp-json\/wp\/v2\/media\/12256"}],"wp:attachment":[{"href":"https:\/\/www.radiopresidenteibanez.cl\/web\/wp-json\/wp\/v2\/media?parent=19619"}],"wp:term":[{"taxonomy":"category","embeddable":true,"href":"https:\/\/www.radiopresidenteibanez.cl\/web\/wp-json\/wp\/v2\/categories?post=19619"},{"taxonomy":"post_tag","embeddable":true,"href":"https:\/\/www.radiopresidenteibanez.cl\/web\/wp-json\/wp\/v2\/tags?post=19619"}],"curies":[{"name":"wp","href":"https:\/\/api.w.org\/{rel}","templated":true}]}}