{"id":19616,"date":"2021-03-29T19:26:00","date_gmt":"2021-03-29T19:26:00","guid":{"rendered":"https:\/\/www.radiopresidenteibanez.cl\/web\/?p=19616"},"modified":"2021-03-29T19:26:05","modified_gmt":"2021-03-29T19:26:05","slug":"alvarez-por-aplazamiento-de-elecciones-existe-centralismo-electoral","status":"publish","type":"post","link":"https:\/\/www.radiopresidenteibanez.cl\/web\/alvarez-por-aplazamiento-de-elecciones-existe-centralismo-electoral\/","title":{"rendered":"\u00c1LVAREZ POR APLAZAMIENTO DE ELECCIONES: \u201cEXISTE CENTRALISMO ELECTORAL\u201d"},"content":{"rendered":"\n<p>\n\nRodrigo \u00c1lvarez, candidato a la Convenci\u00f3n Constitucional, critic\u00f3 propuesta de aplazamiento general de elecciones y afirm\u00f3 que \u201cexiste centralismo electoral cuando no se considera la realidad sanitaria actual de Magallanes\u201d.<\/p>\n\n\n\n<p>El domingo, el Presidente de la Rep\u00fablica, anunci\u00f3 la presentaci\u00f3n de un proyecto de reforma constitucional que tiene como prop\u00f3sito postergar las elecciones programadas para los d\u00edas 10 y 11 de abril (concejales, alcaldes, gobernadores y convencionales constituyentes). Bas\u00e1ndose en el aumento de casos Covid-19 a nivel nacional y en recomendaciones de expertos, el Ejecutivo -que necesita el apoyo del Congreso Nacional- buscar\u00e1 que los comicios se realicen los d\u00edas 15 y 16 de mayo.<\/p>\n\n\n\n<p>Consultado sobre su opini\u00f3n, Rodrigo \u00c1lvarez -que es candidato a la Convenci\u00f3n Constitucional- afirm\u00f3 que \u201cla salud de las personas debe ser siempre la prioridad. Por ello, es important\u00edsimo que las autoridades -para tomar una buena decisi\u00f3n- consideren las diferentes opiniones t\u00e9cnicas. Si las medidas como las cuarentenas, cierre de aeropuertos y restricciones de aforo son necesarias, debemos apoyarlas para evitar un colapso que impida que el sistema de salud no pueda atender adecuadamente a las personas. Siempre he apoyado y apoyar\u00e9 las medidas que resguarden la salud de las personas\u201d.<\/p>\n\n\n\n<p>Sin embargo, \u00c1lvarez afirm\u00f3 no estar de acuerdo con que las elecciones se posterguen a nivel nacional. En dicho contexto, se\u00f1al\u00f3 que \u201clos diferentes protocolos, la decisi\u00f3n de hacer la elecci\u00f3n en dos d\u00edas, la baja tasa de positividad en nuestra regi\u00f3n y las buenas perspectivas indican que Magallanes est\u00e1 en condiciones de realizar las elecciones. Adem\u00e1s de generarse muchos inconvenientes administrativos, considero que los magall\u00e1nicos necesitan escoger a sus representantes locales con prontitud. Hay muchas problem\u00e1ticas locales, prioritarias para las personas, que deben ser abordadas con urgencia\u201d.<\/p>\n\n\n\n<p>El abogado a\u00f1adi\u00f3 que \u201cestar hablando de un aplazamiento general da cuenta de un centralismo, evidentemente arbitrario e injusto, incluso en estas materias. Recuerdo que para el plebiscito de octubre del a\u00f1o pasado Magallanes viv\u00eda una situaci\u00f3n cr\u00edtica y cumplimos con nuestro deber c\u00edvico igual. En ese momento, las autoridades nacionales jam\u00e1s consideraron un aplazamiento general de las elecciones. Uno espera, despu\u00e9s de un a\u00f1o de pandemia, que en este tipo de decisiones se tome en consideraci\u00f3n la realidad sanitaria actual de cada regi\u00f3n y que no se tomen las decisiones en funci\u00f3n de lo que ocurra en la capital. Hay muchos pa\u00edses, que han tenido elecciones recientemente, que han tenido en consideraci\u00f3n criterios de esta naturaleza\u201d.\n\n<\/p>\n","protected":false},"excerpt":{"rendered":"<p>Rodrigo \u00c1lvarez, candidato a la Convenci\u00f3n Constitucional, critic\u00f3 propuesta de aplazamiento general de elecciones y afirm\u00f3 que \u201cexiste centralismo electoral cuando no se considera la realidad sanitaria actual de Magallanes\u201d&#8230;. <a class=\"read-more\" href=\"https:\/\/www.radiopresidenteibanez.cl\/web\/alvarez-por-aplazamiento-de-elecciones-existe-centralismo-electoral\/\">Leer m\u00e1s<\/a><\/p>\n","protected":false},"author":2,"featured_media":19617,"comment_status":"closed","ping_status":"closed","sticky":false,"template":"","format":"standard","meta":{"footnotes":""},"categories":[5],"tags":[],"class_list":["post-19616","post","type-post","status-publish","format-standard","has-post-thumbnail","hentry","category-politica"],"_links":{"self":[{"href":"https:\/\/www.radiopresidenteibanez.cl\/web\/wp-json\/wp\/v2\/posts\/19616","targetHints":{"allow":["GET"]}}],"collection":[{"href":"https:\/\/www.radiopresidenteibanez.cl\/web\/wp-json\/wp\/v2\/posts"}],"about":[{"href":"https:\/\/www.radiopresidenteibanez.cl\/web\/wp-json\/wp\/v2\/types\/post"}],"author":[{"embeddable":true,"href":"https:\/\/www.radiopresidenteibanez.cl\/web\/wp-json\/wp\/v2\/users\/2"}],"replies":[{"embeddable":true,"href":"https:\/\/www.radiopresidenteibanez.cl\/web\/wp-json\/wp\/v2\/comments?post=19616"}],"version-history":[{"count":0,"href":"https:\/\/www.radiopresidenteibanez.cl\/web\/wp-json\/wp\/v2\/posts\/19616\/revisions"}],"wp:featuredmedia":[{"embeddable":true,"href":"https:\/\/www.radiopresidenteibanez.cl\/web\/wp-json\/wp\/v2\/media\/19617"}],"wp:attachment":[{"href":"https:\/\/www.radiopresidenteibanez.cl\/web\/wp-json\/wp\/v2\/media?parent=19616"}],"wp:term":[{"taxonomy":"category","embeddable":true,"href":"https:\/\/www.radiopresidenteibanez.cl\/web\/wp-json\/wp\/v2\/categories?post=19616"},{"taxonomy":"post_tag","embeddable":true,"href":"https:\/\/www.radiopresidenteibanez.cl\/web\/wp-json\/wp\/v2\/tags?post=19616"}],"curies":[{"name":"wp","href":"https:\/\/api.w.org\/{rel}","templated":true}]}}