{"id":19612,"date":"2021-03-29T14:54:13","date_gmt":"2021-03-29T14:54:13","guid":{"rendered":"https:\/\/www.radiopresidenteibanez.cl\/web\/?p=19612"},"modified":"2021-03-29T14:54:18","modified_gmt":"2021-03-29T14:54:18","slug":"tras-intensas-labores-incendio-en-natales-esta-controlado","status":"publish","type":"post","link":"https:\/\/www.radiopresidenteibanez.cl\/web\/tras-intensas-labores-incendio-en-natales-esta-controlado\/","title":{"rendered":"TRAS INTENSAS LABORES, INCENDIO EN NATALES EST\u00c1 CONTROLADO"},"content":{"rendered":"\n<p>La\nma\u00f1ana del jueves 25 de marzo, se origin\u00f3 un incendio que afect\u00f3 las\ndependencias del Destacamento Acorazado N\u00ba 5 Lanceros de Puerto Natales. Concurrieron\nal lugar brigadistas forestales de Conaf, Bomberos, las Brifes del Ej\u00e9rcito,\nCarabineros e incluso PDI, quienes dispusieron de todos sus conocimientos\nt\u00e9cnicos y elementos log\u00edsticos para apoyar en la extinci\u00f3n del fuego.\nAsimismo, la intendenta Jennifer Rojas y la gobernadora, Ericka Far\u00edas,\nllegaron hasta el puesto de mando para apoyar en la gesti\u00f3n y coordinaci\u00f3n de\nrecursos. <\/p>\n\n\n\n<p>Distintos\nelementos fueron empleados para combatir el fuego durante d\u00edas, como la\nutilizaci\u00f3n de helic\u00f3pteros, maquinaria pesada, c\u00e1maras t\u00e9rmicas, entre otros\nesfuerzos que ayudaron a que la superficie afectada no se siguiera expandiendo.\nAdicionalmente, estuvo presente el apoyo de la comunidad Natalina, quienes desde\nel mundo privado, aportaron con distintos elementos para ayudar en las labores de\nextinci\u00f3n.<\/p>\n\n\n\n<p>As\u00ed, al\nfinalizar este domingo y luego de la cuarta jornada desde el inicio siniestro, tuvo\nlugar un nuevo COE Provincial, analiz\u00e1ndose diversos argumentos t\u00e9cnicos de CONAF\ny ONEMI, quienes manifestaron que el incendio se encuentra en estado de Controlado,\ndebido a sus actuales caracter\u00edsticas y pese a las condiciones clim\u00e1ticas de la\n\u00faltima jornada. Por ello, sugirieron que se reemplace la Alerta Roja por Alerta\nAmarilla.<\/p>\n\n\n\n<p>Sobre lo\nanterior, la gobernadora quien estuvo permanente en el predio afectado, coment\u00f3\n\u201cel incendio se encuentra controlado, y a pesar de los fuertes vientos que\ntuvimos ayer, s\u00f3lo hubo focos aislados de fuego superficial. Sin embargo, se seguir\u00e1\nmonitoreando el sector porque este incendio fue de gran magnitud -297\nhect\u00e1reas- y gracias al trabajo coordinado entre Conaf, las Brifes del\nEj\u00e9rcito, Bomberos y ayuda de privados, el estado del incendio actualmente es\nControlado\u201d.<\/p>\n\n\n\n<p>Asimismo,\nla autoridad provincial agradeci\u00f3 el gran despliegue de todas las instituciones\nque contribuyeron en el control del incendio, el cual se seguir\u00e1 atacando hasta\nsu completa extinci\u00f3n.<\/p>\n","protected":false},"excerpt":{"rendered":"<p>La ma\u00f1ana del jueves 25 de marzo, se origin\u00f3 un incendio que afect\u00f3 las dependencias del Destacamento Acorazado N\u00ba 5 Lanceros de Puerto Natales. Concurrieron al lugar brigadistas forestales de&#8230; <a class=\"read-more\" href=\"https:\/\/www.radiopresidenteibanez.cl\/web\/tras-intensas-labores-incendio-en-natales-esta-controlado\/\">Leer m\u00e1s<\/a><\/p>\n","protected":false},"author":2,"featured_media":19613,"comment_status":"closed","ping_status":"closed","sticky":false,"template":"","format":"standard","meta":{"footnotes":""},"categories":[1],"tags":[],"class_list":["post-19612","post","type-post","status-publish","format-standard","has-post-thumbnail","hentry","category-cronica"],"_links":{"self":[{"href":"https:\/\/www.radiopresidenteibanez.cl\/web\/wp-json\/wp\/v2\/posts\/19612","targetHints":{"allow":["GET"]}}],"collection":[{"href":"https:\/\/www.radiopresidenteibanez.cl\/web\/wp-json\/wp\/v2\/posts"}],"about":[{"href":"https:\/\/www.radiopresidenteibanez.cl\/web\/wp-json\/wp\/v2\/types\/post"}],"author":[{"embeddable":true,"href":"https:\/\/www.radiopresidenteibanez.cl\/web\/wp-json\/wp\/v2\/users\/2"}],"replies":[{"embeddable":true,"href":"https:\/\/www.radiopresidenteibanez.cl\/web\/wp-json\/wp\/v2\/comments?post=19612"}],"version-history":[{"count":0,"href":"https:\/\/www.radiopresidenteibanez.cl\/web\/wp-json\/wp\/v2\/posts\/19612\/revisions"}],"wp:featuredmedia":[{"embeddable":true,"href":"https:\/\/www.radiopresidenteibanez.cl\/web\/wp-json\/wp\/v2\/media\/19613"}],"wp:attachment":[{"href":"https:\/\/www.radiopresidenteibanez.cl\/web\/wp-json\/wp\/v2\/media?parent=19612"}],"wp:term":[{"taxonomy":"category","embeddable":true,"href":"https:\/\/www.radiopresidenteibanez.cl\/web\/wp-json\/wp\/v2\/categories?post=19612"},{"taxonomy":"post_tag","embeddable":true,"href":"https:\/\/www.radiopresidenteibanez.cl\/web\/wp-json\/wp\/v2\/tags?post=19612"}],"curies":[{"name":"wp","href":"https:\/\/api.w.org\/{rel}","templated":true}]}}