{"id":19610,"date":"2021-03-29T14:51:20","date_gmt":"2021-03-29T14:51:20","guid":{"rendered":"https:\/\/www.radiopresidenteibanez.cl\/web\/?p=19610"},"modified":"2021-03-29T14:51:25","modified_gmt":"2021-03-29T14:51:25","slug":"subsecretario-edgar-blanco-invita-a-mineras-y-mineros-de-todo-chile-a-postular-a-fondos-pamma","status":"publish","type":"post","link":"https:\/\/www.radiopresidenteibanez.cl\/web\/subsecretario-edgar-blanco-invita-a-mineras-y-mineros-de-todo-chile-a-postular-a-fondos-pamma\/","title":{"rendered":"SUBSECRETARIO EDGAR BLANCO INVITA A MINERAS Y MINEROS DE TODO CHILE A POSTULAR A FONDOS PAMMA"},"content":{"rendered":"\n<p>Este a\u00f1o, el Ministerio de Miner\u00eda mantuvo la opci\u00f3n de\npostular de forma online a los fondos del Programa de Capacitaci\u00f3n y\nTransferencia Tecnol\u00f3gica para la Peque\u00f1a Miner\u00eda Artesanal (PAMMA) con el\nobjetivo de evitar desplazamientos en las ciudades, reduciendo as\u00ed las\nposibilidades de contagio y asegurar la protecci\u00f3n sanitaria a los postulantes.<\/p>\n\n\n\n<p>Este a\u00f1o se destinar\u00e1n $2.622.713\nmillones para fortalecer la productividad, seguridad, sustentabilidad y\nmodernizaci\u00f3n de las faenas de la peque\u00f1a miner\u00eda. Este monto se traducir\u00e1 en un\naumento de producci\u00f3n y maximizaci\u00f3n de beneficios para la peque\u00f1a miner\u00eda, sus\ntrabajadores y, por lo tanto, sus familias. <\/p>\n\n\n\n<p>El subsecretario de Miner\u00eda, Edgar Blanco, agradeci\u00f3 el\nesfuerzo y trabajo realizado por los trabajadores de la miner\u00eda. \u201cLa industria\nminera nunca se detuvo durante la pandemia y esto es gracias a ustedes. Es\nclave seguir aplicando con rigurosidad los protocolos de salud para resguardar\na nuestros trabajadores y mantener la continuidad operacional del sector\necon\u00f3mico que impulsar\u00e1 la reactivaci\u00f3n de nuestro pa\u00eds. Es por esto que por\nsegundo a\u00f1o consecutivo las postulaciones podr\u00e1n ser online para as\u00ed evitar los\ntramites presenciales y podamos cuidarnos entre todos\u201d. <\/p>\n\n\n\n<p>Por su parte, la Seremi de Miner\u00eda (s)\nindic\u00f3: \u201cInvitamos a todos los peque\u00f1os mineros\/as artesanales de nuestra\nregi\u00f3n a postuar a estos fondos de fomento y apoyo, los cuales buscan impulsar el\ndesarrollo de la actividad minera de peque\u00f1a escala y valorar el arduo trabajo\nde quienes dedican su vida al desarrollo de la industria en una zona tan\naustral como la nuestra. Los interesados podr\u00e1n realizar el tr\u00e1mite entre el 17\nde marzo y el 5 de abril a trav\u00e9s de <a href=\"http:\/\/www.minmineria.cl\">www.minmineria.cl<\/a>, www.enami.cl o por\nmedio de los correos electr\u00f3nicos pamma@minmineria.cl y <a href=\"mailto:pamma2021@enami.cl\">pamma2021@enami.cl<\/a>\u201d.<\/p>\n\n\n\n<p>Para aquellos casos especiales en que\nno se pueda efectuar por internet, los canales presenciales se mantienen en las\noficinas de la Empresa Nacional de Miner\u00eda (ENAMI); las Secretar\u00edas Regionales\ndel Ministerio de Miner\u00eda y\/o las Oficinas de Coordinaci\u00f3n de Pol\u00edticas Mineras\nque correspondan, o bien asistir a la Oficina de Partes del Ministerio de\nMiner\u00eda, ubicado en Santiago.<\/p>\n\n\n\n<p>\u201cEn el pa\u00eds m\u00e1s de 20 mil personas\ntrabajan en la peque\u00f1a miner\u00eda y uno de los compromisos del gobierno del\nPresidente Sebasti\u00e1n Pi\u00f1era es apoyarlos con aportes del Estado. Es por eso que\nreitero la invitaci\u00f3n desde el Ministerio de Miner\u00eda a todos y todas quienes\nnecesiten mejorar las condiciones de sus faenas, equipos o asesor\u00edas, a que\npostulen a los fondos PAMMA\u201d, a\u00f1adi\u00f3 el subsecretario Blanco. <\/p>\n","protected":false},"excerpt":{"rendered":"<p>Este a\u00f1o, el Ministerio de Miner\u00eda mantuvo la opci\u00f3n de postular de forma online a los fondos del Programa de Capacitaci\u00f3n y Transferencia Tecnol\u00f3gica para la Peque\u00f1a Miner\u00eda Artesanal (PAMMA)&#8230; <a class=\"read-more\" href=\"https:\/\/www.radiopresidenteibanez.cl\/web\/subsecretario-edgar-blanco-invita-a-mineras-y-mineros-de-todo-chile-a-postular-a-fondos-pamma\/\">Leer m\u00e1s<\/a><\/p>\n","protected":false},"author":2,"featured_media":19349,"comment_status":"closed","ping_status":"closed","sticky":false,"template":"","format":"standard","meta":{"footnotes":""},"categories":[1],"tags":[],"class_list":["post-19610","post","type-post","status-publish","format-standard","has-post-thumbnail","hentry","category-cronica"],"_links":{"self":[{"href":"https:\/\/www.radiopresidenteibanez.cl\/web\/wp-json\/wp\/v2\/posts\/19610","targetHints":{"allow":["GET"]}}],"collection":[{"href":"https:\/\/www.radiopresidenteibanez.cl\/web\/wp-json\/wp\/v2\/posts"}],"about":[{"href":"https:\/\/www.radiopresidenteibanez.cl\/web\/wp-json\/wp\/v2\/types\/post"}],"author":[{"embeddable":true,"href":"https:\/\/www.radiopresidenteibanez.cl\/web\/wp-json\/wp\/v2\/users\/2"}],"replies":[{"embeddable":true,"href":"https:\/\/www.radiopresidenteibanez.cl\/web\/wp-json\/wp\/v2\/comments?post=19610"}],"version-history":[{"count":0,"href":"https:\/\/www.radiopresidenteibanez.cl\/web\/wp-json\/wp\/v2\/posts\/19610\/revisions"}],"wp:featuredmedia":[{"embeddable":true,"href":"https:\/\/www.radiopresidenteibanez.cl\/web\/wp-json\/wp\/v2\/media\/19349"}],"wp:attachment":[{"href":"https:\/\/www.radiopresidenteibanez.cl\/web\/wp-json\/wp\/v2\/media?parent=19610"}],"wp:term":[{"taxonomy":"category","embeddable":true,"href":"https:\/\/www.radiopresidenteibanez.cl\/web\/wp-json\/wp\/v2\/categories?post=19610"},{"taxonomy":"post_tag","embeddable":true,"href":"https:\/\/www.radiopresidenteibanez.cl\/web\/wp-json\/wp\/v2\/tags?post=19610"}],"curies":[{"name":"wp","href":"https:\/\/api.w.org\/{rel}","templated":true}]}}