{"id":19607,"date":"2021-03-29T01:34:23","date_gmt":"2021-03-29T01:34:23","guid":{"rendered":"https:\/\/www.radiopresidenteibanez.cl\/web\/?p=19607"},"modified":"2021-03-29T01:34:28","modified_gmt":"2021-03-29T01:34:28","slug":"pautas-para-decidir-por-ernesto-sepulveda-tornero","status":"publish","type":"post","link":"https:\/\/www.radiopresidenteibanez.cl\/web\/pautas-para-decidir-por-ernesto-sepulveda-tornero\/","title":{"rendered":"\u00abPAUTAS PARA DECIDIR\u00bb por Ernesto Sep\u00falveda Tornero"},"content":{"rendered":"\n<p>Las elecciones de 10 y 11 abril, hoy\nse discute posponerlas, por las cifras Covid de las regiones m\u00e1s populosas del\npa\u00eds. El consejo t\u00e9cnico asesor, nombrado por el gobierno, entre los que\nintegra el colegio m\u00e9dico, as\u00ed lo propuso. No existe acuerdo en el mundo\npol\u00edtico, entre el presidente que es de la idea de hacerlas en mayo, y los\npartidos de oposici\u00f3n, que plantean agregar un d\u00eda m\u00e1s en abril. Incluso\nintroduciendo bloques horarios. Para un ciudadano de a pie, que no es\nepidemi\u00f3logo, ni tampoco m\u00e9dico, resulta parad\u00f3jico, que no se considere el\nescaso impacto en el aumento de contagios, que tuvo la votaci\u00f3n del 25 de\noctubre de 2020. Votaci\u00f3n de alta concurrencia, que incluso en Magallanes, se\nhizo en plena cuarentena. En otras palabras, no existe indicios, de que esa\njornada electoral haya empeorado las cifras Covid. Mas bien, pareciera haber\nincidido en el empeoramiento, los permisos de vacaciones, el relajo de\ncontroles, proliferaci\u00f3n de fiestas, reuniones sociales, y el retorno masivo\ndel gran comercio.<\/p>\n\n\n\n<p>&nbsp;&nbsp;&nbsp;&nbsp;&nbsp;&nbsp;&nbsp;&nbsp;&nbsp;&nbsp;&nbsp;&nbsp;&nbsp;&nbsp;&nbsp;&nbsp;&nbsp;&nbsp;&nbsp;&nbsp;&nbsp;&nbsp;&nbsp;&nbsp;&nbsp;&nbsp;&nbsp; Cualquiera\nhaya sido el origen del aumento de casos Covid, en la regi\u00f3n metropolitana,\nValpara\u00edso y Temuco, no resulta muy convincente, que la sola postergaci\u00f3n de\nlas elecciones, vaya a traer alivio, y mejor\u00eda de su condici\u00f3n sanitaria.\nResulta incre\u00edble, que existiendo un proyecto en tr\u00e1mite hace varios meses, el\nparlamento y el ejecutivo, no hayan dado prioridad al establecimiento del voto\na distancia. El voto postal, que existe en muchos pa\u00edses desarrollados, y\nfunciona exitosamente, garantiza el distanciamiento absoluto entre electores.\nCero contacto f\u00edsico, cero contacto con la urna, cero filas, cero\naglomeraciones. Es un paso, que Chile debe dar, mas all\u00e1 de la contingencia\nactual. Pero es urgente que se legisle, ampliando el abanico de posibilidades.\nYa que por mucha fe que se le tenga a los expertos, o a la carism\u00e1tica\npresidenta del colegio m\u00e9dico, ninguna autoridad ni experto, puede fijar a\nciencia cierta, una fecha efectivamente segura para votar.<\/p>\n\n\n\n<p>&nbsp;&nbsp;&nbsp;&nbsp;&nbsp;&nbsp;&nbsp;&nbsp;&nbsp;&nbsp;&nbsp;&nbsp;&nbsp;&nbsp;&nbsp;&nbsp;&nbsp;&nbsp;&nbsp;&nbsp;&nbsp;&nbsp;&nbsp;&nbsp;&nbsp;&nbsp;&nbsp;&nbsp;&nbsp;&nbsp;&nbsp;&nbsp;&nbsp;&nbsp;&nbsp;&nbsp;&nbsp;&nbsp;&nbsp;&nbsp;&nbsp; Sea\nen abril, o sea que se postergue para mayo la votaci\u00f3n, el caso es que los\nelectores enfrentaremos cuatro votaciones distintas. La elecci\u00f3n de\nconstituyentes, la de gobernadores regionales, alcaldes y concejales. Ser\u00e1n\ncuatro papeletas distintas, todas con un alto n\u00famero de opciones. Lo importante,\nes que para decidir entre esas opciones, concurramos informados.&nbsp; En Magallanes, la pauta de decisi\u00f3n, son los\naportes realizados a la regi\u00f3n. Sea en el plano de gesti\u00f3n, en el plano social,\nacad\u00e9mico, cultural. Si se trata de candidatos que ejercieron cargos p\u00fablicos,\ncuales fueron sus aportes al desarrollo regional. En ese sentido, la elecci\u00f3n\nque parece estar m\u00e1s clara, es la de gobernador regional. Los avances\nconseguidos en el per\u00edodo 2014 al 2018, con el plan de zonas extremas, y la\nconsolidaci\u00f3n de los proyectos que han continuado su ejecuci\u00f3n hasta el d\u00eda de\nhoy, posicionan al ex intendente Jorge Fl\u00edes como el candidato, con mayores\nrealizaciones a su haber. Esto tiene particular importancia, en este momento,\nen que debemos proyectar la estrategia de desarrollo regional para el pr\u00f3ximo\ndecenio. Detr\u00e1s de esta alternativa, se han congregado trabajadores,\nemprendedores, dirigentes sociales, j\u00f3venes y estudiantes, representantes de la\nacademia y la ciencia. El proyecto #LaRegi\u00f3nQueQueremos, trasciende a las\ncategor\u00edas pol\u00edticas tradicionales, y por su transversalidad, est\u00e1 llamado a\nmarcar una impronta, que servir\u00e1 de pauta para las dem\u00e1s regiones extremas. <\/p>\n\n\n\n<p>&nbsp;&nbsp;&nbsp;&nbsp;&nbsp;&nbsp;&nbsp;&nbsp;&nbsp;&nbsp;&nbsp;&nbsp;&nbsp;&nbsp;&nbsp;&nbsp;&nbsp;&nbsp;&nbsp;&nbsp;&nbsp;&nbsp;&nbsp;&nbsp;&nbsp;&nbsp;&nbsp;&nbsp;&nbsp;&nbsp;&nbsp;&nbsp;&nbsp;&nbsp;&nbsp;&nbsp;&nbsp;&nbsp;&nbsp;&nbsp;&nbsp; Tanto\nen materia de control de la pandemia, como en materia de desarrollo regional, se\nrequiere aunar esfuerzos, se requiere consensuar posiciones, y ejercer\nliderazgo. Es lo que nos ha faltado como pa\u00eds, durante la actual\nadministraci\u00f3n. Y lo necesitamos con urgencia, una autoridad que no tema tomar\ndecisiones, que sea capaz de escuchar a todos, pero que cuando corresponda sea\ncapaz de dirigir. Gobernar no consiste, solo en controlar el aparato p\u00fablico,\nse debe saber encantar a la sociedad civil, conducir a una comunidad, que se\nsienta part\u00edcipe de los desaf\u00edos, y consciente de las falencias. Como el pueblo\nque somos, s\u00f3lo as\u00ed, lograremos el desarrollo, s\u00f3lo as\u00ed lograremos el\nbienestar, s\u00f3lo as\u00ed lograremos la felicidad.<\/p>\n\n\n\n<p>Ernesto Sep\u00falveda <\/p>\n","protected":false},"excerpt":{"rendered":"<p>Las elecciones de 10 y 11 abril, hoy se discute posponerlas, por las cifras Covid de las regiones m\u00e1s populosas del pa\u00eds. El consejo t\u00e9cnico asesor, nombrado por el gobierno,&#8230; <a class=\"read-more\" href=\"https:\/\/www.radiopresidenteibanez.cl\/web\/pautas-para-decidir-por-ernesto-sepulveda-tornero\/\">Leer m\u00e1s<\/a><\/p>\n","protected":false},"author":2,"featured_media":2310,"comment_status":"closed","ping_status":"closed","sticky":false,"template":"","format":"standard","meta":{"footnotes":""},"categories":[1],"tags":[],"class_list":["post-19607","post","type-post","status-publish","format-standard","has-post-thumbnail","hentry","category-cronica"],"_links":{"self":[{"href":"https:\/\/www.radiopresidenteibanez.cl\/web\/wp-json\/wp\/v2\/posts\/19607","targetHints":{"allow":["GET"]}}],"collection":[{"href":"https:\/\/www.radiopresidenteibanez.cl\/web\/wp-json\/wp\/v2\/posts"}],"about":[{"href":"https:\/\/www.radiopresidenteibanez.cl\/web\/wp-json\/wp\/v2\/types\/post"}],"author":[{"embeddable":true,"href":"https:\/\/www.radiopresidenteibanez.cl\/web\/wp-json\/wp\/v2\/users\/2"}],"replies":[{"embeddable":true,"href":"https:\/\/www.radiopresidenteibanez.cl\/web\/wp-json\/wp\/v2\/comments?post=19607"}],"version-history":[{"count":0,"href":"https:\/\/www.radiopresidenteibanez.cl\/web\/wp-json\/wp\/v2\/posts\/19607\/revisions"}],"wp:featuredmedia":[{"embeddable":true,"href":"https:\/\/www.radiopresidenteibanez.cl\/web\/wp-json\/wp\/v2\/media\/2310"}],"wp:attachment":[{"href":"https:\/\/www.radiopresidenteibanez.cl\/web\/wp-json\/wp\/v2\/media?parent=19607"}],"wp:term":[{"taxonomy":"category","embeddable":true,"href":"https:\/\/www.radiopresidenteibanez.cl\/web\/wp-json\/wp\/v2\/categories?post=19607"},{"taxonomy":"post_tag","embeddable":true,"href":"https:\/\/www.radiopresidenteibanez.cl\/web\/wp-json\/wp\/v2\/tags?post=19607"}],"curies":[{"name":"wp","href":"https:\/\/api.w.org\/{rel}","templated":true}]}}