{"id":19605,"date":"2021-03-29T01:32:23","date_gmt":"2021-03-29T01:32:23","guid":{"rendered":"https:\/\/www.radiopresidenteibanez.cl\/web\/?p=19605"},"modified":"2021-03-29T01:32:28","modified_gmt":"2021-03-29T01:32:28","slug":"presidente-pinera-anuncia-proyecto-para-postergar-elecciones-de-constituyentes-gobernadores-regionales-alcaldes-y-concejales","status":"publish","type":"post","link":"https:\/\/www.radiopresidenteibanez.cl\/web\/presidente-pinera-anuncia-proyecto-para-postergar-elecciones-de-constituyentes-gobernadores-regionales-alcaldes-y-concejales\/","title":{"rendered":"PRESIDENTE PI\u00d1ERA ANUNCIA PROYECTO PARA POSTERGAR ELECCIONES DE CONSTITUYENTES, GOBERNADORES REGIONALES, ALCALDES Y CONCEJALES"},"content":{"rendered":"\n<p>Queridos compatriotas:<\/p>\n\n\n\n<p>Ma\u00f1ana enviaremos al Congreso un proyecto de Reforma Constitucional para postergar&nbsp;por 5 semanas&nbsp;las elecciones de Constituyentes,&nbsp;Alcaldes, Concejales y Gobernadores.<\/p>\n\n\n\n<p>De ser aprobado este proyecto, estas elecciones,que deb\u00edan realizarse el s\u00e1bado 10 y domingo 11 de abril,&nbsp;se realizar\u00e1n el s\u00e1bado 15 y&nbsp;domingo&nbsp;16 de mayo. &nbsp;La segunda vuelta de la elecci\u00f3n de Gobernadores, que deb\u00eda realizarse el domingo 9 de mayo, se realizar\u00e1 el domingo 4 de julio, junto con las primarias presidenciales.<\/p>\n\n\n\n<p>Las elecciones de&nbsp;Presidente, Senadores, Diputados y Cores permanecen&nbsp;inalteradas,manteniendo su calendario actual.<\/p>\n\n\n\n<p>Si bien, como tantas otras,&nbsp;esta&nbsp;ha sido una decisi\u00f3n&nbsp;muy dif\u00edcil,&nbsp;pero debemos tomarla y&nbsp;tenemos la plena convicci\u00f3n que es&nbsp;lo&nbsp;mejor para Chile y los chilenos.<\/p>\n\n\n\n<p>Las razones&nbsp;que justifican&nbsp;esta decisi\u00f3n son b\u00e1sicamente dos:<\/p>\n\n\n\n<p>La primera,&nbsp;es&nbsp;proteger la salud y la vida de todos nuestros compatriotas, lo que ha sido siempre nuestra primera prioridad.<\/p>\n\n\n\n<p>Como todos sabemos,&nbsp;el mundo entero&nbsp;est\u00e1&nbsp;experimentando un nuevo rebrote del Coronavirus y han aparecido nuevas y m\u00e1s contagiosas y riesgosas variantes del virus.<\/p>\n\n\n\n<p>En Chile, este rebrote ha significado mayor n\u00famero de personas contagiadas&nbsp;y m\u00e1s&nbsp;pacientes hospitalizados, lo que ha exigido al m\u00e1ximo&nbsp;al personal m\u00e9dico y&nbsp;la&nbsp;capacidad&nbsp;de&nbsp;nuestro Sistema de Salud.<\/p>\n\n\n\n<p>Dada esta situaci\u00f3n, el Consejo de Expertos&nbsp;Covid19 el Ministerio de Salud, el Colegio M\u00e9dico y la comunidad m\u00e9dica en general han&nbsp;planteado&nbsp;con fuerza y claridad&nbsp;la necesidad de&nbsp;postergar las elecciones.&nbsp;Siempre los escuchamos&nbsp;y agradezco&nbsp;su&nbsp;permanente preocupaci\u00f3n&nbsp;y compromiso con&nbsp;Chile y los chilenos.&nbsp;Adem\u00e1s,&nbsp;esta decisi\u00f3n recoge la voluntad de la mayor\u00eda de los ciudadanos.&nbsp;<\/p>\n\n\n\n<p>La segunda raz\u00f3n es&nbsp;proteger la salud de nuestra Democracia,&nbsp;cumplir nuestro compromiso y&nbsp;asegurar un proceso electoral democr\u00e1tico, participativo y seguro.<\/p>\n\n\n\n<p>Es indudable que la situaci\u00f3n actual de la pandemia y el riesgo de contagio&nbsp;inhiben&nbsp;a muchos a ir a votar, lo que resta participaci\u00f3n y legitimidad al proceso electoral de Constituyentes,&nbsp;Alcaldes, Concejales y Gobernadores.<\/p>\n\n\n\n<p>El&nbsp;Gobierno ha tomado todas las acciones posibles para proteger la salud y la vida de todos nuestros compatriotas y&nbsp;para&nbsp;asegurar un proceso electoral democr\u00e1tico, participativo y seguro,como lo fue el ejemplar Plebiscito del 25 de octubre del a\u00f1o 2020.<\/p>\n\n\n\n<p>Entre estas medidas destacan:<\/p>\n\n\n\n<p>Primero,&nbsp;el fortalecimiento gradual de las cuarentenas,&nbsp;que hoy significan que m\u00e1s de&nbsp;16 millones&nbsp;de personas est\u00e1n&nbsp;confinadas.<\/p>\n\n\n\n<p>Segundo,&nbsp;el fortalecimiento de nuestro Sistema de Salud,&nbsp;del n\u00famero de camas cr\u00edticas&nbsp;y del personal especializado, lo&nbsp;que ha permitido&nbsp;que,&nbsp;a pesar de todas las dificultades,&nbsp;nuestro Sistema de Salud sigue&nbsp;prestando las atenciones m\u00e9dicas que los pacientes necesitan.<\/p>\n\n\n\n<p>Tercero la Reforma Constitucional que permite que las elecciones se hagan en dos d\u00edas, facilitando el cumplimiento de las normas sanitarias.<\/p>\n\n\n\n<p>Y cuarto,&nbsp;un proceso de vacunaci\u00f3n masivo y acelerado, que ya nos ha permitido vacunar a m\u00e1s de 6,4&nbsp;millones de personas. Esta vacunaci\u00f3n&nbsp;sigue avanzando con gran velocidad.&nbsp;y&nbsp;ha puesto&nbsp;a Chile entre los tres pa\u00edses del mundo que m\u00e1s personas han vacunado, y protegido, en relaci\u00f3n a su poblaci\u00f3n.<\/p>\n\n\n\n<p>Como lo muestran las cifras las vacunas han sido muy efectivas en proteger de contagios y hospitalizaciones a los que est\u00e1n vacunados, como&nbsp;lo est\u00e1n hoy d\u00eda&nbsp;la inmensa mayor\u00eda de los mayores de 57 a\u00f1os.<\/p>\n\n\n\n<p>Dado que el&nbsp;aumento de contagios y hospitalizaciones se est\u00e1 produciendo b\u00e1sicamente en generaciones m\u00e1s j\u00f3venes,&nbsp;que a\u00fan no est\u00e1n vacunadas, tenemos que mantener el esfuerzo de vacunaci\u00f3n para proteger a toda la poblaci\u00f3n objetivo.<\/p>\n\n\n\n<p>Nuestra meta es&nbsp;que,&nbsp;antes de las elecciones del 15 y 16 mayo,&nbsp;vacunar a&nbsp;9,3&nbsp;millones&nbsp;de personas,es decir,&nbsp;a&nbsp;los mayores 40&nbsp;a\u00f1os&nbsp;con&nbsp;una&nbsp;dosis, y a&nbsp;7,3&nbsp;millones de&nbsp;personas, los&nbsp;mayores de&nbsp;50&nbsp;a\u00f1os, con dos&nbsp;dosis.<\/p>\n\n\n\n<p>Este avance del proceso de vacunaci\u00f3n&nbsp;masiva&nbsp;permitir\u00e1, sin dudas,&nbsp;elecciones m\u00e1s seguras desde el punto de vista de la salud, y m\u00e1s participativas, desde el punto de vista democr\u00e1tico.<\/p>\n\n\n\n<p>Quiero pedirles&nbsp;encarecidamente a todos mis compatriotas, y especialmente a las generaciones m\u00e1s j\u00f3venes,&nbsp;que extremen sus cuidados personales y el cumplimiento de las normas sanitarias.<\/p>\n\n\n\n<p>Tambi\u00e9n, quiero pedirle respetuosamente al Congreso que&nbsp;analice, plantee mejor\u00edas&nbsp;y apruebecon urgencia esta necesaria Reforma Constitucional.<\/p>\n\n\n\n<p>Estamos&nbsp;consciente que&nbsp;esto puede significar problemas y dificultades para&nbsp;muchos candidatos. Pero estoy seguro que ellos tambi\u00e9n comparten nuestro criterio que siempre debemos priorizar la salud y vida de nuestros compatriotas.<\/p>\n\n\n\n<p>Le he pedido a los ministros del Comit\u00e9 Pol\u00edtico que ma\u00f1ana&nbsp;concurran al Congreso a compartir con los parlamentarios este Proyecto de Ley y tambi\u00e9n que expliquen a la ciudadan\u00eda la&nbsp;forma en que esta postergaci\u00f3n&nbsp;se compatibilizar\u00e1 con&nbsp;las campa\u00f1as electorales, la propaganda, el financiamiento, la situaci\u00f3n de los alcaldes y candidatos y todos los dem\u00e1s aspectos relevantes.<\/p>\n\n\n\n<p>Queridos compatriotas:<\/p>\n\n\n\n<p>Hemos enfrentado tiempo de gran adversidad y tambi\u00e9n hemos demostrado, una vez m\u00e1s, la calidad del alma de nuestra naci\u00f3n y la fortaleza del temple de nuestro pueblo.<\/p>\n\n\n\n<p>Que Dios bendiga a Chile y los&nbsp;chilenos.&nbsp;<\/p>\n\n\n\n<p>Muchas&nbsp;gracias y buenas noches.<\/p>\n","protected":false},"excerpt":{"rendered":"<p>Queridos compatriotas: Ma\u00f1ana enviaremos al Congreso un proyecto de Reforma Constitucional para postergar&nbsp;por 5 semanas&nbsp;las elecciones de Constituyentes,&nbsp;Alcaldes, Concejales y Gobernadores. De ser aprobado este proyecto, estas elecciones,que deb\u00edan realizarse&#8230; <a class=\"read-more\" href=\"https:\/\/www.radiopresidenteibanez.cl\/web\/presidente-pinera-anuncia-proyecto-para-postergar-elecciones-de-constituyentes-gobernadores-regionales-alcaldes-y-concejales\/\">Leer m\u00e1s<\/a><\/p>\n","protected":false},"author":2,"featured_media":385,"comment_status":"closed","ping_status":"closed","sticky":false,"template":"","format":"standard","meta":{"footnotes":""},"categories":[1],"tags":[],"class_list":["post-19605","post","type-post","status-publish","format-standard","has-post-thumbnail","hentry","category-cronica"],"_links":{"self":[{"href":"https:\/\/www.radiopresidenteibanez.cl\/web\/wp-json\/wp\/v2\/posts\/19605","targetHints":{"allow":["GET"]}}],"collection":[{"href":"https:\/\/www.radiopresidenteibanez.cl\/web\/wp-json\/wp\/v2\/posts"}],"about":[{"href":"https:\/\/www.radiopresidenteibanez.cl\/web\/wp-json\/wp\/v2\/types\/post"}],"author":[{"embeddable":true,"href":"https:\/\/www.radiopresidenteibanez.cl\/web\/wp-json\/wp\/v2\/users\/2"}],"replies":[{"embeddable":true,"href":"https:\/\/www.radiopresidenteibanez.cl\/web\/wp-json\/wp\/v2\/comments?post=19605"}],"version-history":[{"count":0,"href":"https:\/\/www.radiopresidenteibanez.cl\/web\/wp-json\/wp\/v2\/posts\/19605\/revisions"}],"wp:featuredmedia":[{"embeddable":true,"href":"https:\/\/www.radiopresidenteibanez.cl\/web\/wp-json\/wp\/v2\/media\/385"}],"wp:attachment":[{"href":"https:\/\/www.radiopresidenteibanez.cl\/web\/wp-json\/wp\/v2\/media?parent=19605"}],"wp:term":[{"taxonomy":"category","embeddable":true,"href":"https:\/\/www.radiopresidenteibanez.cl\/web\/wp-json\/wp\/v2\/categories?post=19605"},{"taxonomy":"post_tag","embeddable":true,"href":"https:\/\/www.radiopresidenteibanez.cl\/web\/wp-json\/wp\/v2\/tags?post=19605"}],"curies":[{"name":"wp","href":"https:\/\/api.w.org\/{rel}","templated":true}]}}