{"id":19602,"date":"2021-03-29T01:31:25","date_gmt":"2021-03-29T01:31:25","guid":{"rendered":"https:\/\/www.radiopresidenteibanez.cl\/web\/?p=19602"},"modified":"2021-03-29T01:31:30","modified_gmt":"2021-03-29T01:31:30","slug":"municipio-atendio-mas-de-50-emergencias-producidas-por-fuertes-rachas-de-viento-en-punta-arenas","status":"publish","type":"post","link":"https:\/\/www.radiopresidenteibanez.cl\/web\/municipio-atendio-mas-de-50-emergencias-producidas-por-fuertes-rachas-de-viento-en-punta-arenas\/","title":{"rendered":"MUNICIPIO ATENDI\u00d3 M\u00c1S DE 50 EMERGENCIAS PRODUCIDAS POR FUERTES RACHAS DE VIENTO EN PUNTA ARENAS"},"content":{"rendered":"\n<p>Una situaci\u00f3n bastante cr\u00edtica se produjo la madrugada de\neste domingo (28 de marzo) en Punta Arenas, producto de las fuertes rachas de\nviento que alcanzaron los 146 km\/hr en el aeropuerto Carlos Ib\u00e1\u00f1ez y 122 km\/hr\nen la ciudad.<\/p>\n\n\n\n<p>M\u00e1s de 50 emergencias fueron recepcionadas a trav\u00e9s de la\nl\u00ednea 800 800 134 del Municipio de Punta Arenas, principalmente voladuras de\ntechumbres, adem\u00e1s de ca\u00edda de \u00e1rboles y de muros.<\/p>\n\n\n\n<p>Seg\u00fan inform\u00f3 la alcaldesa (S) de la comuna, Elena\nBlackwood, de las emergencias atendidas, 17 correspondieron a voladuras de\ntechumbre, m\u00e1s de 14 ca\u00eddas de \u00e1rboles, adem\u00e1s de ca\u00eddas de muros y otros\nincidentes el\u00e9ctricos que fueron derivados a Edelmag.<\/p>\n\n\n\n<p>\u201cNuestros equipos de operaciones han estado durante toda la\nnoche circulando en la ciudad. Ha sido una situaci\u00f3n dif\u00edcil, rachas de 146 km\nla m\u00e1xima, lo que nos ha obligado a desplegar todos los equipos municipales y\ntratar de llegar de la mejor forma posible a atender todas estas necesidades.\nSeguimos en terreno hoy d\u00eda, hemos estado toda la ma\u00f1ana recorriendo la ciudad\ny levantando la mayor cantidad de situaciones que estamos derivando para que se\npuedan solucionar\u201d, indic\u00f3 la autoridad comunal subrogante.<\/p>\n\n\n\n<p>Agreg\u00f3 que m\u00e1s del 50% de las emergencias fueron atendidas\npor los equipos municipales, y que se realizaron las coordinaciones con los\nequipos de Serviu y Salfa, para la atenci\u00f3n de algunas situaciones ocurridas en\ncondominios y construcciones a su cargo.<\/p>\n\n\n\n<p>Por otro lado, desde esta ma\u00f1ana, las asistentes sociales\ndel Municipio se encuentran revisando cada una de las situaciones para poder\nayudar a los vecinos afectados, as\u00ed como los equipos de Operaciones y de Aseo\nrealizan los trabajos respectivos para dejar despejado el tr\u00e1nsito y limpias\nlas calles de la ciudad, y los equipos de patrullaje municipal se encuentran\nrecorriendo cada cuadrante de la ciudad.<\/p>\n\n\n\n<p>\u201cEn \u00e1rboles estamos bastante avanzados hoy. Si pueden\nrecorrer, esto lo hicimos anoche tambi\u00e9n, todo lo que es el sector central, la\nplaza, Avenida Bulnes por ambos costados. Los \u00e1rboles que hab\u00edan ca\u00eddo e\ninterrumpido el tr\u00e1nsito, fueron retirados. Anoche a las 4 de la ma\u00f1ana\nten\u00edamos levantados todos los m\u00e1s grandes. Hoy hemos continuado con eso. Hab\u00eda\n2 \u00e1rboles en Bellavista, que tambi\u00e9n interfer\u00edan el tr\u00e1nsito, esos ya fueron\nretirados ahora. Tambi\u00e9n uno en Avenida Col\u00f3n con O\u2019Higgins, que no permit\u00eda el\ntr\u00e1nsito de veh\u00edculos, fue retirado alrededor de las 11\u201d, puntualiz\u00f3 la\nalcaldesa (S) de Punta Arenas.<\/p>\n","protected":false},"excerpt":{"rendered":"<p>Una situaci\u00f3n bastante cr\u00edtica se produjo la madrugada de este domingo (28 de marzo) en Punta Arenas, producto de las fuertes rachas de viento que alcanzaron los 146 km\/hr en&#8230; <a class=\"read-more\" href=\"https:\/\/www.radiopresidenteibanez.cl\/web\/municipio-atendio-mas-de-50-emergencias-producidas-por-fuertes-rachas-de-viento-en-punta-arenas\/\">Leer m\u00e1s<\/a><\/p>\n","protected":false},"author":2,"featured_media":19603,"comment_status":"closed","ping_status":"closed","sticky":false,"template":"","format":"standard","meta":{"footnotes":""},"categories":[1],"tags":[],"class_list":["post-19602","post","type-post","status-publish","format-standard","has-post-thumbnail","hentry","category-cronica"],"_links":{"self":[{"href":"https:\/\/www.radiopresidenteibanez.cl\/web\/wp-json\/wp\/v2\/posts\/19602","targetHints":{"allow":["GET"]}}],"collection":[{"href":"https:\/\/www.radiopresidenteibanez.cl\/web\/wp-json\/wp\/v2\/posts"}],"about":[{"href":"https:\/\/www.radiopresidenteibanez.cl\/web\/wp-json\/wp\/v2\/types\/post"}],"author":[{"embeddable":true,"href":"https:\/\/www.radiopresidenteibanez.cl\/web\/wp-json\/wp\/v2\/users\/2"}],"replies":[{"embeddable":true,"href":"https:\/\/www.radiopresidenteibanez.cl\/web\/wp-json\/wp\/v2\/comments?post=19602"}],"version-history":[{"count":0,"href":"https:\/\/www.radiopresidenteibanez.cl\/web\/wp-json\/wp\/v2\/posts\/19602\/revisions"}],"wp:featuredmedia":[{"embeddable":true,"href":"https:\/\/www.radiopresidenteibanez.cl\/web\/wp-json\/wp\/v2\/media\/19603"}],"wp:attachment":[{"href":"https:\/\/www.radiopresidenteibanez.cl\/web\/wp-json\/wp\/v2\/media?parent=19602"}],"wp:term":[{"taxonomy":"category","embeddable":true,"href":"https:\/\/www.radiopresidenteibanez.cl\/web\/wp-json\/wp\/v2\/categories?post=19602"},{"taxonomy":"post_tag","embeddable":true,"href":"https:\/\/www.radiopresidenteibanez.cl\/web\/wp-json\/wp\/v2\/tags?post=19602"}],"curies":[{"name":"wp","href":"https:\/\/api.w.org\/{rel}","templated":true}]}}