{"id":19599,"date":"2021-03-29T01:26:49","date_gmt":"2021-03-29T01:26:49","guid":{"rendered":"https:\/\/www.radiopresidenteibanez.cl\/web\/?p=19599"},"modified":"2021-03-29T01:26:54","modified_gmt":"2021-03-29T01:26:54","slug":"candidato-a-gobernador-regional-por-magallanes-claudio-flores-se-requieren-profesionales-con-conocimiento-en-el-area-economica-para-comenzar-a-salir-de-la-actual-crisis","status":"publish","type":"post","link":"https:\/\/www.radiopresidenteibanez.cl\/web\/candidato-a-gobernador-regional-por-magallanes-claudio-flores-se-requieren-profesionales-con-conocimiento-en-el-area-economica-para-comenzar-a-salir-de-la-actual-crisis\/","title":{"rendered":"CANDIDATO A GOBERNADOR REGIONAL POR MAGALLANES CLAUDIO FLORES: \u201cSE REQUIEREN PROFESIONALES CON CONOCIMIENTO EN EL \u00c1REA ECON\u00d3MICA PARA COMENZAR A SALIR DE LA ACTUAL CRISIS\u201d"},"content":{"rendered":"\n<p>Claudio Alejandro Flores Flores,\nnacido y criado en Punta Arenas, 48 a\u00f1os, en pareja hace 19 a\u00f1os y padre de dos\nhijos, es uno de los candidatos a gobernador regional por Magallanes.<\/p>\n\n\n\n<p>Su ense\u00f1anza b\u00e1sica la curs\u00f3 en\nla Escuela D-17, mientras que la media en el Liceo de Hombres. Posteriormente\nestuvo dos a\u00f1os en la Fuerza \u00c1rea de Chile en Santiago y tras retornar a la\nzona ingres\u00f3 la Umag, en donde se titul\u00f3 de Ingeniero Comercial. Adem\u00e1s, cuenta\n<\/p>\n\n\n\n<p>Comenz\u00f3 a trabajar mientras\ncursaba estudios superiores, para ayudar a sus padres en el pago de la\nmensualidad. Primero se desempe\u00f1\u00f3 en la Compa\u00f1\u00eda de Tel\u00e9fonos y posteriormente\nen dos empresas de turismo.<\/p>\n\n\n\n<p>\u201cHice mi pr\u00e1ctica en la Empresa\nNacional del Petr\u00f3leo (Enap), donde una vez egresado estuve un a\u00f1o m\u00e1s en los\ndepartamentos de Producci\u00f3n y Recursos Humanos. Ah\u00ed, surge la posibilidad de\noptar, mediante un concurso p\u00fablico, a ser subdirector de Gesti\u00f3n del Hospital\nRegional, en donde me mantuve por tres a\u00f1os\u201d, se\u00f1ala.<\/p>\n\n\n\n<p>Agrega que posteriormente, en el\nprimer mandato de la Presidenta Michelle Bachelet fue nombrado gobernador de la\nProvincia Ant\u00e1rtica, experiencia bastante enriquecedora debido a que, por las\ncondiciones de extremo aislamiento, muchas veces tuvo que resolver problemas\nque no ocurren en ciudades que tiene todos los elementos para vivir.<\/p>\n\n\n\n<p>\u201cEn marzo de 2010 recib\u00ed el\nofrecimiento del alcalde de Cabo de Hornos para acompa\u00f1arlo en su gesti\u00f3n como\nadministrador municipal. Luego, de regres\u00f3 en Punta Arenas, me contrataron en\nEntel Chile. Luego el alcalde Emilio Boccazzi me invita a formar parte de su\nequipo como administrador municipal, hasta el final de su periodo. De ah\u00ed en\nadelante tom\u00e9 la decisi\u00f3n de tener mis propios negocios, con una consultora y empresas\nde transporte y sanitizaci\u00f3n, donde he conocido la dura realidad de ser\nemprendedor en este pa\u00eds\u201d, puntualiza.<\/p>\n\n\n\n<p>Respecto de su vocaci\u00f3n por el\nservicio p\u00fablico explica que se remonta a su etapa universitaria, en donde\nparticip\u00f3 en un grupo de voluntarios que realizaban ayudas sociales. En dicha\n\u00e9poca tambi\u00e9n comienza su acercamiento a la pol\u00edtica, cuando junto a otros\nj\u00f3venes y con motivo de una \u201ctoma\u201d en reclamo al incremento de arancel,\nimpulsan una agrupaci\u00f3n para poder liderar el proceso de negociaci\u00f3n<\/p>\n\n\n\n<p>En cuanto a los motivos de su\npostulaci\u00f3n, ocurri\u00f3 luego de que se aprobara la Ley, que si bien no entrega\nmuchas atribuciones, la considera como un avance en materia de\ndescentralizaci\u00f3n y al interiorizarse m\u00e1s cree que est\u00e1n las oportunidades para\nque esta austral zona pueda iniciar un proceso de autonom\u00eda y de conducci\u00f3n de\nparte de un hijo de esta tierra.<\/p>\n\n\n\n<p>\u201cExisten ciertas tareas que\nrequieren de formaci\u00f3n acad\u00e9mica y es por eso que realic\u00e9 un magister en\nAdministraci\u00f3n de Empresas y dos masters, uno en Negociaci\u00f3n y Comercio\nInternacional y otro en Medio Ambiente y Desarrollo Sostenible, los que ser\u00e1n\nfundamentales al momento de poder liderar y conducir un territorio\u201d.<\/p>\n\n\n\n<p>Una vez que se decidi\u00f3 por\niniciar el camino hacia el cargo, vino la emergencia sanitaria por el Covid-19,\nque desencaden\u00f3 inconvenientes en diversos \u00e1mbitos.<\/p>\n\n\n\n<p>\u201cSinceramente, creo que se requieren profesionales con\nconocimientos en el \u00e1rea econ\u00f3mica para poder comenzar a salir de la actual\ncrisis. Tengo la tranquilidad de estar bien preparado y t\u00e9rminos acad\u00e9micos\npara asumir este desaf\u00edo\u201d, concluye.<\/p>\n","protected":false},"excerpt":{"rendered":"<p>Claudio Alejandro Flores Flores, nacido y criado en Punta Arenas, 48 a\u00f1os, en pareja hace 19 a\u00f1os y padre de dos hijos, es uno de los candidatos a gobernador regional&#8230; <a class=\"read-more\" href=\"https:\/\/www.radiopresidenteibanez.cl\/web\/candidato-a-gobernador-regional-por-magallanes-claudio-flores-se-requieren-profesionales-con-conocimiento-en-el-area-economica-para-comenzar-a-salir-de-la-actual-crisis\/\">Leer m\u00e1s<\/a><\/p>\n","protected":false},"author":2,"featured_media":19600,"comment_status":"closed","ping_status":"closed","sticky":false,"template":"","format":"standard","meta":{"footnotes":""},"categories":[1],"tags":[],"class_list":["post-19599","post","type-post","status-publish","format-standard","has-post-thumbnail","hentry","category-cronica"],"_links":{"self":[{"href":"https:\/\/www.radiopresidenteibanez.cl\/web\/wp-json\/wp\/v2\/posts\/19599","targetHints":{"allow":["GET"]}}],"collection":[{"href":"https:\/\/www.radiopresidenteibanez.cl\/web\/wp-json\/wp\/v2\/posts"}],"about":[{"href":"https:\/\/www.radiopresidenteibanez.cl\/web\/wp-json\/wp\/v2\/types\/post"}],"author":[{"embeddable":true,"href":"https:\/\/www.radiopresidenteibanez.cl\/web\/wp-json\/wp\/v2\/users\/2"}],"replies":[{"embeddable":true,"href":"https:\/\/www.radiopresidenteibanez.cl\/web\/wp-json\/wp\/v2\/comments?post=19599"}],"version-history":[{"count":0,"href":"https:\/\/www.radiopresidenteibanez.cl\/web\/wp-json\/wp\/v2\/posts\/19599\/revisions"}],"wp:featuredmedia":[{"embeddable":true,"href":"https:\/\/www.radiopresidenteibanez.cl\/web\/wp-json\/wp\/v2\/media\/19600"}],"wp:attachment":[{"href":"https:\/\/www.radiopresidenteibanez.cl\/web\/wp-json\/wp\/v2\/media?parent=19599"}],"wp:term":[{"taxonomy":"category","embeddable":true,"href":"https:\/\/www.radiopresidenteibanez.cl\/web\/wp-json\/wp\/v2\/categories?post=19599"},{"taxonomy":"post_tag","embeddable":true,"href":"https:\/\/www.radiopresidenteibanez.cl\/web\/wp-json\/wp\/v2\/tags?post=19599"}],"curies":[{"name":"wp","href":"https:\/\/api.w.org\/{rel}","templated":true}]}}