{"id":19596,"date":"2021-03-29T01:24:14","date_gmt":"2021-03-29T01:24:14","guid":{"rendered":"https:\/\/www.radiopresidenteibanez.cl\/web\/?p=19596"},"modified":"2021-03-29T01:24:19","modified_gmt":"2021-03-29T01:24:19","slug":"natales-promociones-de-semana-santa","status":"publish","type":"post","link":"https:\/\/www.radiopresidenteibanez.cl\/web\/natales-promociones-de-semana-santa\/","title":{"rendered":"NATALES &#038; TORRES DEL PAINE; PROMOCIONES DE SEMANA SANTA"},"content":{"rendered":"\n<p>Los paquetes tur\u00edsticos que consideran\nalojamiento con desayuno, traslados y excursiones visitando el Parque Nacional\nTorres del Paine se pueden encontrar desde $60.000 diarios por persona,\nadicionalmente se ofrecen 10% y 20% de descuento por excursiones extras en\nPuerto Natales y sus alrededores, adem\u00e1s de descuentos en servicios\ngastron\u00f3micos y de relajaci\u00f3n.<\/p>\n\n\n\n<p>Desde Puerto Natales se encuentra una variedad de\ntraslados en servicios regulares y privados que permiten un acceso fluido a la\n8va Maravilla del Mundo en donde est\u00e1n disponibles servicios hoteleros y de\ncamping con reserva previa, navegaciones y excursiones de trekking operativas\ndurante los meses de oto\u00f1o&amp; invierno.<\/p>\n\n\n\n<p>Para el ingreso al Parque Nacional Torres del\nPaine se debe adquirir la entrada en forma anticipada a trav\u00e9s de <a href=\"http:\/\/www.aspticket.cl\">www.aspticket.cl<\/a> con la opci\u00f3n de pago en l\u00ednea con tarjeta de\ncr\u00e9dito y otros medios. El horario de ingreso est\u00e1 definido de lunes a domingo\ndesde las 08:00 hrs., hasta la 17:00 hrs., como m\u00e1ximo y la salida hasta las\n19:00 hrs., para quienes visiten en parque por el d\u00eda. Quienes deseen realizar\nactividades de trekking hacia Base Torres la hora m\u00e1xima de ingreso en el\nCentro de Informaci\u00f3n Las Torres es a las 11:00 hrs., y la hora m\u00e1xima de\nsalida desde el Mirador Torres, es a las 16:00 hrs., mientras que para el\ncampamento Chileno la hora m\u00e1xima de ingreso es a las 14:00 hrs., Al d\u00eda\nsiguiente se puede continuar hacia los otros atractivos que forman parte del circuito\nW. Otra alternativa para realizar este circuito de trekking es por el sector\nLas Carretas (Administraci\u00f3n \u2013 Paine Grande) en operaci\u00f3n con doble sentido,\ncon hora m\u00e1xima de ingreso a las 14:00 hrs., para llegar al sector Paine Grande\nm\u00e1ximo a las 20:00 hrs. Desde el sector Paine Grande se puede acceder a Refugio\nGrey con hora m\u00e1xima de llegada a las 20:00 hrs., y desde Refugio Grey a\nMirador Segunda Quebrada la hora m\u00e1xima de salida es las 15:00 hrs. El circuito\nprincipal al \u201cMacizo Paine\u201d o la denomina O se encuentra cerrado a los visitantes.\nLos anterior demuestra una clara preocupaci\u00f3n por dar operatividad al destino y\nminimizar los riesgos de contagio permitiendo una adecuada limpieza de las\ndependencias y seguridad en la experiencia de los visitantes.<\/p>\n\n\n\n<p>La navegaci\u00f3n Lago Pehoe se encuentra operativa\ncon tres frecuencias semanales; lunes, mi\u00e9rcoles y viernes con salida desde\nsector Pudeto a las 10:30 hrs., y retorno desde sector Paine Grande a las 17:15\nhrs. Tambi\u00e9n se encuentra disponible sujeto a demanda la navegaci\u00f3n por el Lago\nGrey con tres salidas diarias a las 10:00, 13:00 y 16:00 horas, previa\nconfirmaci\u00f3n de condiciones clim\u00e1ticas. Otras alternativas en el Parque\nNacional Torres del Paine que est\u00e1n operativas son: pesca deportiva, kayak,\ncaminata en hielo y otras excursiones de observaci\u00f3n de flora y fauna.<\/p>\n\n\n\n<p>Puerto Natales sigue sorprendiendo con hermosos\natardeceres, excelentes servicios de alojamiento, gastronom\u00eda, artesan\u00eda y\nrelajaci\u00f3n. <\/p>\n\n\n\n<p>Adriana Aguilar Lagos, gerente de la C\u00e1mara de\nTurismo de \u00daltima Esperanza A.G., una asociaci\u00f3n gremial con m\u00e1s de 30 a\u00f1os de\ntrayectoria que re\u00fane a m\u00e1s de 70 empresas de turismo en Puerto Natales y\nTorres del Paine invita a hacer consultas a trav\u00e9s de <a href=\"http:\/\/www.destinonatales.com\">www.destinonatales.com<\/a> y a conocer los protocolos implementados en los\ndiferentes tipos de servicios en @destinonatales.<\/p>\n","protected":false},"excerpt":{"rendered":"<p>Los paquetes tur\u00edsticos que consideran alojamiento con desayuno, traslados y excursiones visitando el Parque Nacional Torres del Paine se pueden encontrar desde $60.000 diarios por persona, adicionalmente se ofrecen 10%&#8230; <a class=\"read-more\" href=\"https:\/\/www.radiopresidenteibanez.cl\/web\/natales-promociones-de-semana-santa\/\">Leer m\u00e1s<\/a><\/p>\n","protected":false},"author":2,"featured_media":19597,"comment_status":"closed","ping_status":"closed","sticky":false,"template":"","format":"standard","meta":{"footnotes":""},"categories":[1],"tags":[],"class_list":["post-19596","post","type-post","status-publish","format-standard","has-post-thumbnail","hentry","category-cronica"],"_links":{"self":[{"href":"https:\/\/www.radiopresidenteibanez.cl\/web\/wp-json\/wp\/v2\/posts\/19596","targetHints":{"allow":["GET"]}}],"collection":[{"href":"https:\/\/www.radiopresidenteibanez.cl\/web\/wp-json\/wp\/v2\/posts"}],"about":[{"href":"https:\/\/www.radiopresidenteibanez.cl\/web\/wp-json\/wp\/v2\/types\/post"}],"author":[{"embeddable":true,"href":"https:\/\/www.radiopresidenteibanez.cl\/web\/wp-json\/wp\/v2\/users\/2"}],"replies":[{"embeddable":true,"href":"https:\/\/www.radiopresidenteibanez.cl\/web\/wp-json\/wp\/v2\/comments?post=19596"}],"version-history":[{"count":0,"href":"https:\/\/www.radiopresidenteibanez.cl\/web\/wp-json\/wp\/v2\/posts\/19596\/revisions"}],"wp:featuredmedia":[{"embeddable":true,"href":"https:\/\/www.radiopresidenteibanez.cl\/web\/wp-json\/wp\/v2\/media\/19597"}],"wp:attachment":[{"href":"https:\/\/www.radiopresidenteibanez.cl\/web\/wp-json\/wp\/v2\/media?parent=19596"}],"wp:term":[{"taxonomy":"category","embeddable":true,"href":"https:\/\/www.radiopresidenteibanez.cl\/web\/wp-json\/wp\/v2\/categories?post=19596"},{"taxonomy":"post_tag","embeddable":true,"href":"https:\/\/www.radiopresidenteibanez.cl\/web\/wp-json\/wp\/v2\/tags?post=19596"}],"curies":[{"name":"wp","href":"https:\/\/api.w.org\/{rel}","templated":true}]}}