{"id":19592,"date":"2021-03-28T23:52:11","date_gmt":"2021-03-28T23:52:11","guid":{"rendered":"https:\/\/www.radiopresidenteibanez.cl\/web\/?p=19592"},"modified":"2021-03-28T23:52:16","modified_gmt":"2021-03-28T23:52:16","slug":"3er-actualizacion-estado-del-sistema-electrico-de-punta-arenas","status":"publish","type":"post","link":"https:\/\/www.radiopresidenteibanez.cl\/web\/3er-actualizacion-estado-del-sistema-electrico-de-punta-arenas\/","title":{"rendered":"3er ACTUALIZACION ESTADO DEL SISTEMA ELECTRICO DE PUNTA ARENAS"},"content":{"rendered":"\n<ul class=\"wp-block-list\"><li>A las 20:30 horas, aproximadamente 2.000 clientes permanecen sin suministro el\u00e9ctrico en la ciudad de Punta Arenas.<\/li><\/ul>\n\n\n\n<ul class=\"wp-block-list\"><li>Las emergencias m\u00e1s complejas son las que se indican en el siguiente cuadro donde adem\u00e1s se detalla su estado actual:<\/li><\/ul>\n\n\n\n<figure class=\"wp-block-table\"><table class=\"\"><tbody><tr><td><strong>Estructuras<\/strong><\/td><td><\/td><td><strong>N\u00b0 Clientes<\/strong><\/td><td><\/td><td><strong>Horario estimado de reposici\u00f3n del servicio<\/strong><\/td><td><\/td><\/tr><tr><td>3 postes ubicados en Barrio Industrial a la altura de Enex<\/td><td><\/td><td>55<\/td><td><\/td><td>Durante la noche<\/td><td><\/td><\/tr><tr><td>3 postes ubicados en el Barrio Industrial a la altura de las instalaciones de Cameron<\/td><td><\/td><td>6<\/td><td><\/td><td>Los trabajos se retoman a partir del lunes en la ma\u00f1ana<\/td><td><\/td><\/tr><\/tbody><\/table><\/figure>\n\n\n\n<ul class=\"wp-block-list\"><li>A lo anterior se suman 18 subestaciones que se ubican en distintos sectores de la ciudad, donde se han presentado l\u00edneas cortadas y otro tipo de emergencias, cada una de ellas cuanta con alrededor de 130 clientes en promedio. Los trabajos en estos sectores continuar\u00e1n durante toda la noche, con 3 brigadas livianas y 2 camiones de empresas contratistas; adem\u00e1s de personal propio, con sus respectivos supervisores, para restablecer el suministro el\u00e9ctrico en el menor tiempo posible.<\/li><\/ul>\n\n\n\n<ul class=\"wp-block-list\"><li>En el caso de los clientes electrodependientes, durante la presente jornada han ingresado solicitudes de dos clientes que se encuentran en esta condici\u00f3n, los que han recibido la atenci\u00f3n de manera oportuna para abastecer los equipos m\u00e9dicos que utilizan.<\/li><\/ul>\n\n\n\n<ul class=\"wp-block-list\"><li>Durante toda la jornada se han desplazado alrededor de 65 personas, quienes contin\u00faan trabajando con sistema de relevos, respetando las medidas de seguridad y descanso de los equipos, para evitar accidentes que puedan afectar a los trabajadores.<\/li><\/ul>\n\n\n\n<ul class=\"wp-block-list\"><li>Se reitera que se encuentra disponible el Fono Clientes 800 800 400 y la cuenta twitter @edelmag_sos, para atender consultas y requerimientos. Para una atenci\u00f3n m\u00e1s expedita, en caso de ser posible se solicita que tengan a mano su n\u00famero de cliente que se encuentra impreso en la parte superior de la boleta.<\/li><\/ul>\n","protected":false},"excerpt":{"rendered":"<p>A las 20:30 horas, aproximadamente 2.000 clientes permanecen sin suministro el\u00e9ctrico en la ciudad de Punta Arenas. Las emergencias m\u00e1s complejas son las que se indican en el siguiente cuadro&#8230; <a class=\"read-more\" href=\"https:\/\/www.radiopresidenteibanez.cl\/web\/3er-actualizacion-estado-del-sistema-electrico-de-punta-arenas\/\">Leer m\u00e1s<\/a><\/p>\n","protected":false},"author":2,"featured_media":19593,"comment_status":"closed","ping_status":"closed","sticky":false,"template":"","format":"standard","meta":{"footnotes":""},"categories":[1],"tags":[],"class_list":["post-19592","post","type-post","status-publish","format-standard","has-post-thumbnail","hentry","category-cronica"],"_links":{"self":[{"href":"https:\/\/www.radiopresidenteibanez.cl\/web\/wp-json\/wp\/v2\/posts\/19592","targetHints":{"allow":["GET"]}}],"collection":[{"href":"https:\/\/www.radiopresidenteibanez.cl\/web\/wp-json\/wp\/v2\/posts"}],"about":[{"href":"https:\/\/www.radiopresidenteibanez.cl\/web\/wp-json\/wp\/v2\/types\/post"}],"author":[{"embeddable":true,"href":"https:\/\/www.radiopresidenteibanez.cl\/web\/wp-json\/wp\/v2\/users\/2"}],"replies":[{"embeddable":true,"href":"https:\/\/www.radiopresidenteibanez.cl\/web\/wp-json\/wp\/v2\/comments?post=19592"}],"version-history":[{"count":0,"href":"https:\/\/www.radiopresidenteibanez.cl\/web\/wp-json\/wp\/v2\/posts\/19592\/revisions"}],"wp:featuredmedia":[{"embeddable":true,"href":"https:\/\/www.radiopresidenteibanez.cl\/web\/wp-json\/wp\/v2\/media\/19593"}],"wp:attachment":[{"href":"https:\/\/www.radiopresidenteibanez.cl\/web\/wp-json\/wp\/v2\/media?parent=19592"}],"wp:term":[{"taxonomy":"category","embeddable":true,"href":"https:\/\/www.radiopresidenteibanez.cl\/web\/wp-json\/wp\/v2\/categories?post=19592"},{"taxonomy":"post_tag","embeddable":true,"href":"https:\/\/www.radiopresidenteibanez.cl\/web\/wp-json\/wp\/v2\/tags?post=19592"}],"curies":[{"name":"wp","href":"https:\/\/api.w.org\/{rel}","templated":true}]}}