{"id":19590,"date":"2021-03-28T23:50:26","date_gmt":"2021-03-28T23:50:26","guid":{"rendered":"https:\/\/www.radiopresidenteibanez.cl\/web\/?p=19590"},"modified":"2021-03-28T23:50:32","modified_gmt":"2021-03-28T23:50:32","slug":"concejal-soler-debemos-propender-a-arborizar-la-ciudad-de-punta-arenas-plantando-nuevos-arboles","status":"publish","type":"post","link":"https:\/\/www.radiopresidenteibanez.cl\/web\/concejal-soler-debemos-propender-a-arborizar-la-ciudad-de-punta-arenas-plantando-nuevos-arboles\/","title":{"rendered":"CONCEJAL SOLER: DEBEMOS PROPENDER  A ARBORIZAR LA CIUDAD DE PUNTA ARENAS, PLANTANDO NUEVOS \u00c1RBOLES"},"content":{"rendered":"\n<p>Es un hecho indiscutido que Arborizar, plantar y cuidar los \u00e1rboles ornamentales y ojal\u00e1 frutales en el \u00e1rea urbana, tiene muchas funciones: contribuir a la formaci\u00f3n y embellecimiento del paisaje, al equilibrio del medio ambiente, la creaci\u00f3n de l\u00edmites y barreras naturales de aislamiento, regular el clima, descontaminar el aire, alimentar las especies animales urbanas, y dem\u00e1s beneficios&nbsp;&nbsp;o externalidades positivas.&nbsp;<\/p>\n\n\n\n<p>Frente a esta voluntad y necesidad de Arborizar la ciudad, la Municipalidad de Punta Arenas cuenta con mecanismo para el Cuidado y Plantaci\u00f3n de Arboles en los Espacios P\u00fablicos existentes en todos los sectores&nbsp;&nbsp;de nuestra ciudad, respectivamente la aplicaci\u00f3n&nbsp;&nbsp;de la Ordenanza y del Convenio con Conaf.&nbsp;&nbsp;<\/p>\n\n\n\n<p>Para el Cuidado, est\u00e1 vigente la Ordenanza sobre Plantaci\u00f3n, trasparente, poda y extracci\u00f3n de \u00c1rboles de la Comuna de Punta Arenas, de fecha 21 de noviembre de 2008, que proh\u00edbe estrictamente extraer, talar, pintar, da\u00f1ar, corteza, colocar clavos, alambre o cualquier&nbsp;&nbsp;elemento extra\u00f1o al \u00e1rbol, instalar letreros&nbsp;&nbsp;o lienzos amarados o por cualquier otro medio&nbsp;&nbsp;e intervenir de cualquier forma los \u00e1rboles p\u00fablicos sin autorizaci\u00f3n municipal, esto ademas de la prohibici\u00f3n de efectuar podas&nbsp;&nbsp;y cortes de ramas o \u00e1rboles y otras especies vegetales&nbsp;&nbsp;ubicados en lugares p\u00fablicos de la comuna.&nbsp;<\/p>\n\n\n\n<p>La fiscalizaci\u00f3n ser\u00e1 realizada por Inspectores Municipales, personal de la Direcci\u00f3n de&nbsp;&nbsp;Aseo y Ornato o por Carabineros de Chile, los que actuaran en resguardo de la ordenanza.&nbsp;<\/p>\n\n\n\n<p>Las infracciones y contravenciones a la Ordenanza ser\u00e1n sancionadas con multa de 1 hasta 5 utm, correspondiendo su conocimiento y aplicaci\u00f3n al Juez de Polic\u00eda Local.&nbsp;<\/p>\n\n\n\n<p>La Municipalidad tiene que utilizar los 2 mecanismos, en el cuidado de los \u00e1rboles posee la obligaci\u00f3n legal como este p\u00fablico de denunciar, origin\u00e1ndose un procedimiento judicial que tiene,&nbsp;&nbsp;a criterio de este Concejal,&nbsp;&nbsp;el problema que el monto m\u00e1ximo de la multa que se puede aplicar seg\u00fan el Decreto 307 de Ministerio de Justicia, sobre Organizaci\u00f3n y Atribuciones de los Juzgados de Polic\u00eda Local, posee un tope m\u00e1ximo de&nbsp;&nbsp;5 Utm, suma completamente insuficiente para cuantificar el reproche a quien da\u00f1a un \u00e1rbol de la ciudad.&nbsp;&nbsp;<\/p>\n\n\n\n<p>Por mucho que cuidemos y fiscalicemos, nunca vamos a aumentar la cantidad de&nbsp;&nbsp;\u00e1rboles, por mucho que cuidemos siempre tendremos menos \u00e1rboles, no as\u00ed con la plantaci\u00f3n de nuevos \u00e1rboles, con ella cada vez tendremos m\u00e1s, realizando una real arborizaci\u00f3n de la ciudad.&nbsp;&nbsp;<\/p>\n\n\n\n<p>Para plantar se debe desarrollar el programa de Arborizaci\u00f3n ejecutando el Convenio de Cooperaci\u00f3n&nbsp;&nbsp;entre Corporaci\u00f3n Nacional Forestal y la Municipalidad de Punta Arenas, de fecha 9 de mayo de 2019, que tiene como finalidad plantar arboles en zonas urbanas y peri-urbanas, con el objeto de mejorar las condiciones ambientales de la ciudades y poblaciones del pa\u00eds y la calidad de vida de la poblaci\u00f3n, a trav\u00e9s del aumento de la cobertura arb\u00f3rea y su adecuada distribuci\u00f3n , as\u00ed como la entrega de asistencia t\u00e9cnica de materias relacionadas a la valoraci\u00f3n, establecimiento y cuidado del arbolado.&nbsp;<\/p>\n\n\n\n<p>En este convenio Conaf&nbsp;&nbsp;entrega los \u00e1rboles, idealmente de la especie Betula P\u00e9ndula (Abedul), de acuerdo a la disponibilidad de vivero, como tambi\u00e9n otro tipo de \u00e1rboles y arbustos nativos o ex\u00f3genos, por otra lado la Municipalidad le corresponde elaborar un informe de arborizaci\u00f3n donde se detalle el lugar de plantaci\u00f3n y sus beneficios, debi\u00e9ndose culminar con un elemento b\u00e1sico que se encuentra ausente al d\u00eda hoy, que es un catastro general de los \u00e1rboles de la ciudad.&nbsp;<\/p>\n\n\n\n<p>Hay consenso en que la acci\u00f3n a tomar para realizar la Arborizaci\u00f3n de la ciudad es por medio de implementar el convenio postulando a financiamiento del Fondo Regional de Iniciativa Local, a los cuales podr\u00e1n postular los municipios a trav\u00e9s de diversas iniciativas, con el prop\u00f3sito de agilizar el desarrollo de la Regi\u00f3n de manera arm\u00f3nica, eficiente, eficaz y equitativa.&nbsp;<\/p>\n\n\n\n<p>Espec\u00edficamente este fondo Financia proyectos de infraestructura p\u00fablica, que mejoren la calidad de vida de las personas, dotando a la comunidad de un entorno amigable, creando conectividad y fortaleciendo la sociabilidad entre los habitantes de la comuna; que entre&nbsp;sus \u00e1rea prioritarias se encuentra la habilitaci\u00f3n de espacios p\u00fablicos, esta modalidad, permite habilitar espacios que sean de uso cotidiano por parte de la ciudadan\u00eda, para lo cual el FRIL financia proyectos tales como: Plazas, Construcci\u00f3n y\/o Reposici\u00f3n de \u00c1reas Verdes, Paraderos, entre otros, que adem\u00e1s, producir\u00e1 la creaci\u00f3n del empleo necesario para ejecutar el proyecto.&nbsp;<\/p>\n\n\n\n<p>Como conclusi\u00f3n final,&nbsp;&nbsp;el Concejal Soler plantea que Arborizar la ciudad de Punta Arenas, es mejorar la calidad de vida de los vecinos.&nbsp;<\/p>\n","protected":false},"excerpt":{"rendered":"<p>Es un hecho indiscutido que Arborizar, plantar y cuidar los \u00e1rboles ornamentales y ojal\u00e1 frutales en el \u00e1rea urbana, tiene muchas funciones: contribuir a la formaci\u00f3n y embellecimiento del paisaje,&#8230; <a class=\"read-more\" href=\"https:\/\/www.radiopresidenteibanez.cl\/web\/concejal-soler-debemos-propender-a-arborizar-la-ciudad-de-punta-arenas-plantando-nuevos-arboles\/\">Leer m\u00e1s<\/a><\/p>\n","protected":false},"author":2,"featured_media":18556,"comment_status":"closed","ping_status":"closed","sticky":false,"template":"","format":"standard","meta":{"footnotes":""},"categories":[1],"tags":[],"class_list":["post-19590","post","type-post","status-publish","format-standard","has-post-thumbnail","hentry","category-cronica"],"_links":{"self":[{"href":"https:\/\/www.radiopresidenteibanez.cl\/web\/wp-json\/wp\/v2\/posts\/19590","targetHints":{"allow":["GET"]}}],"collection":[{"href":"https:\/\/www.radiopresidenteibanez.cl\/web\/wp-json\/wp\/v2\/posts"}],"about":[{"href":"https:\/\/www.radiopresidenteibanez.cl\/web\/wp-json\/wp\/v2\/types\/post"}],"author":[{"embeddable":true,"href":"https:\/\/www.radiopresidenteibanez.cl\/web\/wp-json\/wp\/v2\/users\/2"}],"replies":[{"embeddable":true,"href":"https:\/\/www.radiopresidenteibanez.cl\/web\/wp-json\/wp\/v2\/comments?post=19590"}],"version-history":[{"count":0,"href":"https:\/\/www.radiopresidenteibanez.cl\/web\/wp-json\/wp\/v2\/posts\/19590\/revisions"}],"wp:featuredmedia":[{"embeddable":true,"href":"https:\/\/www.radiopresidenteibanez.cl\/web\/wp-json\/wp\/v2\/media\/18556"}],"wp:attachment":[{"href":"https:\/\/www.radiopresidenteibanez.cl\/web\/wp-json\/wp\/v2\/media?parent=19590"}],"wp:term":[{"taxonomy":"category","embeddable":true,"href":"https:\/\/www.radiopresidenteibanez.cl\/web\/wp-json\/wp\/v2\/categories?post=19590"},{"taxonomy":"post_tag","embeddable":true,"href":"https:\/\/www.radiopresidenteibanez.cl\/web\/wp-json\/wp\/v2\/tags?post=19590"}],"curies":[{"name":"wp","href":"https:\/\/api.w.org\/{rel}","templated":true}]}}