{"id":19571,"date":"2021-03-27T03:27:44","date_gmt":"2021-03-27T03:27:44","guid":{"rendered":"https:\/\/www.radiopresidenteibanez.cl\/web\/?p=19571"},"modified":"2021-03-27T03:27:49","modified_gmt":"2021-03-27T03:27:49","slug":"autoridad-maritima-presto-asistencia-a-lancha-motor-en-estrecho-de-magallanes","status":"publish","type":"post","link":"https:\/\/www.radiopresidenteibanez.cl\/web\/autoridad-maritima-presto-asistencia-a-lancha-motor-en-estrecho-de-magallanes\/","title":{"rendered":"AUTORIDAD MAR\u00cdTIMA PREST\u00d3 ASISTENCIA  A  LANCHA MOTOR EN ESTRECHO DE MAGALLANES"},"content":{"rendered":"\n<p>Durante horas de la noche del\n25 de marzo, la Capitan\u00eda de Puerto de Punta Arenas recibi\u00f3 una solicitud de auxilio\nde la Lancha a Motor \u201cPuluqui\u201d, la cual hab\u00eda garreado y presentaba desperfecto\nen motores y sistema el\u00e9ctricos, manteniendo a bordo a sus tres tripulantes.<\/p>\n\n\n\n<p>De esta manera la Autoridad\nMar\u00edtima, tras breves minutos de recibida la informaci\u00f3n, dispuso el\nalistamiento y zarpe de la Lancha de Polic\u00eda Mar\u00edtima (LPM) 4407 a las 20:50\nhoras, con el objetivo de establecer contacto con la Lancha a Motor que se\nencontraba a unos 6 kil\u00f3metros de la costa de Punta Arenas.<\/p>\n\n\n\n<p>Las condiciones\nmeteorol\u00f3gicas&nbsp; presentaban rachas de\nviento de unos 72 kil\u00f3metros, registr\u00e1ndose marejadas en el sector,\nestableciendo contacto a los pocos minutos de b\u00fasqueda con la nave siniestrada,\nprevia coordinaci\u00f3n radial y se\u00f1alizaci\u00f3n visual, mediante el uso de bengalas\npor parte de los afectados.<\/p>\n\n\n\n<p>Tras establecer contacto y evaluar\nla situaci\u00f3n de la nave afectada, el Personal Naval procedi\u00f3 a realizar una\nmaniobra de remolque, trasladando la Lancha a Motor \u201cPuluqui\u201d a cercan\u00edas de\nMuelle Prat, efectuando maniobra de anclaje en estructura mar\u00edtima dispuesta\npara estos fines y resguardando a los tres tripulantes la nave.<\/p>\n\n\n\n<p>El operativo culmin\u00f3 a las\n22:30 horas, con el cumplimiento de todos los protocolos establecidos en el\nactual contexto de emergencia sanitaria, operando sin mayores dificultades a\npesar de las condiciones meteorol\u00f3gicas adversas presentes en el \u00e1rea.<\/p>\n\n\n\n<p>De esta manera la Autoridad\nMar\u00edtima se mantiene alerta ante situaciones de emergencia, manteniendo los\nesfuerzos necesarios para resguardar la vida humana en el mar, resguardando la\nSeguridad e Intereses Territoriales y aportando al Desarrollo Nacional y\npresencia del Estado.<\/p>\n","protected":false},"excerpt":{"rendered":"<p>Durante horas de la noche del 25 de marzo, la Capitan\u00eda de Puerto de Punta Arenas recibi\u00f3 una solicitud de auxilio de la Lancha a Motor \u201cPuluqui\u201d, la cual hab\u00eda&#8230; <a class=\"read-more\" href=\"https:\/\/www.radiopresidenteibanez.cl\/web\/autoridad-maritima-presto-asistencia-a-lancha-motor-en-estrecho-de-magallanes\/\">Leer m\u00e1s<\/a><\/p>\n","protected":false},"author":2,"featured_media":19572,"comment_status":"closed","ping_status":"closed","sticky":false,"template":"","format":"standard","meta":{"footnotes":""},"categories":[1],"tags":[],"class_list":["post-19571","post","type-post","status-publish","format-standard","has-post-thumbnail","hentry","category-cronica"],"_links":{"self":[{"href":"https:\/\/www.radiopresidenteibanez.cl\/web\/wp-json\/wp\/v2\/posts\/19571","targetHints":{"allow":["GET"]}}],"collection":[{"href":"https:\/\/www.radiopresidenteibanez.cl\/web\/wp-json\/wp\/v2\/posts"}],"about":[{"href":"https:\/\/www.radiopresidenteibanez.cl\/web\/wp-json\/wp\/v2\/types\/post"}],"author":[{"embeddable":true,"href":"https:\/\/www.radiopresidenteibanez.cl\/web\/wp-json\/wp\/v2\/users\/2"}],"replies":[{"embeddable":true,"href":"https:\/\/www.radiopresidenteibanez.cl\/web\/wp-json\/wp\/v2\/comments?post=19571"}],"version-history":[{"count":0,"href":"https:\/\/www.radiopresidenteibanez.cl\/web\/wp-json\/wp\/v2\/posts\/19571\/revisions"}],"wp:featuredmedia":[{"embeddable":true,"href":"https:\/\/www.radiopresidenteibanez.cl\/web\/wp-json\/wp\/v2\/media\/19572"}],"wp:attachment":[{"href":"https:\/\/www.radiopresidenteibanez.cl\/web\/wp-json\/wp\/v2\/media?parent=19571"}],"wp:term":[{"taxonomy":"category","embeddable":true,"href":"https:\/\/www.radiopresidenteibanez.cl\/web\/wp-json\/wp\/v2\/categories?post=19571"},{"taxonomy":"post_tag","embeddable":true,"href":"https:\/\/www.radiopresidenteibanez.cl\/web\/wp-json\/wp\/v2\/tags?post=19571"}],"curies":[{"name":"wp","href":"https:\/\/api.w.org\/{rel}","templated":true}]}}