{"id":19565,"date":"2021-03-27T03:21:31","date_gmt":"2021-03-27T03:21:31","guid":{"rendered":"https:\/\/www.radiopresidenteibanez.cl\/web\/?p=19565"},"modified":"2021-03-27T03:21:37","modified_gmt":"2021-03-27T03:21:37","slug":"minvu-inicio-el-mejoramiento-de-calle-enrique-abello-al-poniente-de-avenida-eduardo-frei-montalva","status":"publish","type":"post","link":"https:\/\/www.radiopresidenteibanez.cl\/web\/minvu-inicio-el-mejoramiento-de-calle-enrique-abello-al-poniente-de-avenida-eduardo-frei-montalva\/","title":{"rendered":"MINVU INICI\u00d3 EL MEJORAMIENTO DE CALLE ENRIQUE ABELLO AL PONIENTE DE AVENIDA EDUARDO FREI MONTALVA"},"content":{"rendered":"\n<p>El inicio de la construcci\u00f3n de calle Enrique Abello entre Avenida Frei y Villa Pudeto, en una extensi\u00f3n de 1280 metros lineales, fue informada esta semana por el&nbsp;<strong>Director Regional del Serviu, Dubalio P\u00e9rez Ruiz<\/strong>, quien valor\u00f3 la inversi\u00f3n de 2.680 millones de pesos proveniente del FNDR para la concreci\u00f3n de esta iniciativa.<strong>&nbsp; \u201cQueremos agradecer el compromiso del Gobierno Regional por aportar no solo en el desarrollo habitacional con la urbanizaci\u00f3n de nuestros conjuntos habitacionales, sino tambi\u00e9n en las vialidades y espacios p\u00fablicos de la ciudad. Hemos logrado un trabajo conjunto con los consejeros y el Gobierno Regional para ir mejorando la calidad de vida de la poblaci\u00f3n, generando sectores de integraci\u00f3n social\u201d.&nbsp;<\/strong>En este sentido, el Director del Serviu precis\u00f3 que en Enrique Abello se est\u00e1n construyendo barrios privados de alto est\u00e1ndar, as\u00ed como conjuntos de integraci\u00f3n social y viviendas sin deuda, financiadas con subsidios habitacionales.<\/p>\n\n\n\n<p>La relevancia de esta obra vial para el desarrollo habitacional del sector norponiente de la capital regional tambi\u00e9n fue destacada por el<strong>&nbsp;Seremi de Vivienda y Urbanismo, Jos\u00e9 Miguel Horcos: \u201cEste sector est\u00e1 teniendo un gran desarrollo habitacional tanto de inversi\u00f3n p\u00fablica como privada. Tenemos proyectos habitacionales de integraci\u00f3n social y otros que se est\u00e1n empezando a construir que van a beneficiar a familias vulnerables de Punta Arenas, por lo que nos resulta clave la pavimentaci\u00f3n de la calle Enrique Abello, ya que sabemos que una calle pavimentada es sin\u00f3nimo de mejor calidad de vida para sus habitantes. Como Gobierno estamos comprometidos con la integraci\u00f3n, de hacer una Regi\u00f3n m\u00e1s unida y que considere en sus cercan\u00edas equipamiento, centros de salud, colegios, etc.\u201d<\/strong><\/p>\n\n\n\n<p>La nueva v\u00eda considera una calzada bidireccional de 9 metros de ancho, aceras de 2 metros de ancho en ambos costados de la calzada, bah\u00edas de estacionamiento para vecinos de los loteos Enrique Abello, obras de aguas lluvias que involucran nuevos colectores y sumideros y alumbrado p\u00fablico con tecnolog\u00eda LED. Todo el trayecto contar\u00e1 con hermoseamiento arquitect\u00f3nico, consistente en paisajismo con especies arbustivas aclimatadas a la zona, c\u00e9sped, zonas con adocretos y adoquines, esca\u00f1os y papeleros. La calle contar\u00e1 con demarcaci\u00f3n y se\u00f1alizaci\u00f3n vial, adem\u00e1s de accesibilidad universal en el trayecto y cruces<strong>.<\/strong><\/p>\n\n\n\n<p>Las faenas se iniciaron a la altura de calle Cabo V\u00edrgenes, en la faja sur de un tramo de 210 metros lineales de extensi\u00f3n, hacia el poniente. Una vez concluida la intervenci\u00f3n en dicho pa\u00f1o, se espera proseguir faenas en los siguientes 400 metros lineales, hasta calle Juan Ruiz Mancilla. Con este fin y en consideraci\u00f3n a que en dicho sector no se ubican viviendas, se est\u00e1 tramitando autorizaci\u00f3n de cierre total por parte de la Direcci\u00f3n de Tr\u00e1nsito Municipal y la Seremi de Transportes y Telecomunicaciones. Para ello, se propone habilitar un desv\u00edo por calle Manantiales e ingreso por Juan Ruiz Mancilla.<\/p>\n\n\n\n<p>Durante toda la construcci\u00f3n del proyecto se ir\u00e1 informando oportunamente a las y los vecinos del sector, sobre los cierres parciales que se implementar\u00e1n, previa aprobaci\u00f3n de los organismos competentes.<\/p>\n\n\n\n<p>La obra tiene un plazo de ejecuci\u00f3n de 540 d\u00edas corridos, desde marzo del presente a\u00f1o, hasta septiembre de 2022. La unidad t\u00e9cnica del proyecto es el Servicio de Vivienda y Urbanizaci\u00f3n y la empresa contratista es Salfa S.A.<\/p>\n","protected":false},"excerpt":{"rendered":"<p>El inicio de la construcci\u00f3n de calle Enrique Abello entre Avenida Frei y Villa Pudeto, en una extensi\u00f3n de 1280 metros lineales, fue informada esta semana por el&nbsp;Director Regional del&#8230; <a class=\"read-more\" href=\"https:\/\/www.radiopresidenteibanez.cl\/web\/minvu-inicio-el-mejoramiento-de-calle-enrique-abello-al-poniente-de-avenida-eduardo-frei-montalva\/\">Leer m\u00e1s<\/a><\/p>\n","protected":false},"author":2,"featured_media":19566,"comment_status":"closed","ping_status":"closed","sticky":false,"template":"","format":"standard","meta":{"footnotes":""},"categories":[1],"tags":[],"class_list":["post-19565","post","type-post","status-publish","format-standard","has-post-thumbnail","hentry","category-cronica"],"_links":{"self":[{"href":"https:\/\/www.radiopresidenteibanez.cl\/web\/wp-json\/wp\/v2\/posts\/19565","targetHints":{"allow":["GET"]}}],"collection":[{"href":"https:\/\/www.radiopresidenteibanez.cl\/web\/wp-json\/wp\/v2\/posts"}],"about":[{"href":"https:\/\/www.radiopresidenteibanez.cl\/web\/wp-json\/wp\/v2\/types\/post"}],"author":[{"embeddable":true,"href":"https:\/\/www.radiopresidenteibanez.cl\/web\/wp-json\/wp\/v2\/users\/2"}],"replies":[{"embeddable":true,"href":"https:\/\/www.radiopresidenteibanez.cl\/web\/wp-json\/wp\/v2\/comments?post=19565"}],"version-history":[{"count":0,"href":"https:\/\/www.radiopresidenteibanez.cl\/web\/wp-json\/wp\/v2\/posts\/19565\/revisions"}],"wp:featuredmedia":[{"embeddable":true,"href":"https:\/\/www.radiopresidenteibanez.cl\/web\/wp-json\/wp\/v2\/media\/19566"}],"wp:attachment":[{"href":"https:\/\/www.radiopresidenteibanez.cl\/web\/wp-json\/wp\/v2\/media?parent=19565"}],"wp:term":[{"taxonomy":"category","embeddable":true,"href":"https:\/\/www.radiopresidenteibanez.cl\/web\/wp-json\/wp\/v2\/categories?post=19565"},{"taxonomy":"post_tag","embeddable":true,"href":"https:\/\/www.radiopresidenteibanez.cl\/web\/wp-json\/wp\/v2\/tags?post=19565"}],"curies":[{"name":"wp","href":"https:\/\/api.w.org\/{rel}","templated":true}]}}