{"id":19553,"date":"2021-03-26T03:30:00","date_gmt":"2021-03-26T03:30:00","guid":{"rendered":"https:\/\/www.radiopresidenteibanez.cl\/web\/?p=19553"},"modified":"2021-03-25T22:23:21","modified_gmt":"2021-03-25T22:23:21","slug":"hospital-de-puerto-williams-recibe-a-sus-primeras-internas-de-medicina","status":"publish","type":"post","link":"https:\/\/www.radiopresidenteibanez.cl\/web\/hospital-de-puerto-williams-recibe-a-sus-primeras-internas-de-medicina\/","title":{"rendered":"HOSPITAL DE PUERTO WILLIAMS RECIBE  A SUS PRIMERAS INTERNAS DE MEDICINA"},"content":{"rendered":"\n<p>Tres estudiantes de la Carrera de Medicina de la Universidad de Magallanes (UMAG), iniciar\u00e1n este viernes 26  en el Hospital Comunitario Cristina Calder\u00f3n de Puerto Williams su internado rural, etapa que es requisito en la formaci\u00f3n de los nuevos profesionales de salud.<\/p>\n\n\n\n<p>Catalina Constanza Araya Bustos,\nSandra Pamela D\u00edaz Cort\u00e9s y Camila Andrea Maureira Bahamondez, dos magall\u00e1nicas\ny una corrale\u00f1a, son las tres alumnas de 6to a\u00f1o que desarrollar\u00e1n un\naprendizaje \u00edntegro en terreno y podr\u00e1n consolidar sus competencias m\u00e9dicas. Aplicar\nsus conocimientos, y destrezas para el cuidado de la salud de las personas a\ntrav\u00e9s de acciones y actividades de promoci\u00f3n. <\/p>\n\n\n\n<p>Este hito hist\u00f3rico se\ncontextualiza en el Convenio Asistencial Docente suscrito entre el Servicio de\nSalud Magallanes y la UMAG, y permitir formar a los futuros m\u00e9dicos en nuestra\nregi\u00f3n.<\/p>\n\n\n\n<p>Al respecto, el subdirector de\nGesti\u00f3n Asistencial del Servicio de Salud Magallanes, doctor Cristian Cabrera,\nfue en enf\u00e1tico al se\u00f1alar el gran aporte que entregar\u00e1n las tres internas para\nel Hospital de Puerto Williams. <\/p>\n\n\n\n<p>\u201cSobre todo en las condiciones de\npandemia en que estamos actualmente. Estamos muy contentos de que podamos tener\nesta instancia de formaci\u00f3n de estas profesionales, y la idea es que esto se\nvaya manteniendo en el tiempo. Sabemos que en el Hospital de Puerto Williams\nvan a estar muy felices en recibirlas y ayudarlas a desarrollarse como\nm\u00e9dicas\u201d, dijo el Dr. Cabrera. <\/p>\n\n\n\n<p>El director del Hospital de\nPuerto Williams, Daniel Arriaga, indic\u00f3 que ser\u00e1n cuatro grupos de alumnos que\nvan a tener una rotativa durante todo el a\u00f1o, apoyando el \u00c1rea Asistencial de\nUrgencia y Atenci\u00f3n Primaria. \u201cEsto se pudo desarrollar gracias a la gesti\u00f3n\ndel Servicio de Salud de Magallanes y el apoyo de la instituci\u00f3n Naval.\nFinalmente, quiero mencionar que esta relaci\u00f3n se realiza en todos los\nhospitales del pa\u00eds y favorece enormemente la comunidad\u201d, cerr\u00f3 el director\nArriagada.<\/p>\n\n\n\n<p>Por su parte, el director de la\nCarrera de Medicina de la UMAG, Dr. Mario Mayanz, \u201ces una gran satisfacci\u00f3n\nespecialmente en estos dif\u00edciles momentos sanitarios en nuestra regi\u00f3n, poder\nparticipar no solo en lo acad\u00e9mico sino colaborar de forma importante en la\natenci\u00f3n de pacientes y comunidades en estos lugares tan interesantes. Adem\u00e1s,\nhemos iniciado actividades acad\u00e9micas docentes no solo en Hospital Cl\u00ednico\nMagallanes sino en el resto de la Red\u201d.<\/p>\n\n\n\n<p><strong>De Corral a Punta Arenas\u2026 y a\nWilliams<\/strong><\/p>\n\n\n\n<p>Estudi\u00f3 su ense\u00f1anza b\u00e1sica en la\nEscuela Corral y su ense\u00f1anza media en el Colegio Austral de Valdivia. Camila\nMaureira de 26 a\u00f1os es una de las alumnas de la UMAG que iniciar\u00e1 su per\u00edodo de\ncuatro semanas en el Hospital de Williams. Una estudiante que, junto a sus\ncompa\u00f1eras fueron escogidas al azar y vivir\u00e1n una nueva experiencia personal y\nprofesional. <\/p>\n\n\n\n<p>\u201cDesde peque\u00f1a siempre quise\nestudiar medicina. Amaba esta carrera y gracias a Dios lo consegu\u00ed. Siempre me\nha gustado ayudar a las personas, hacer algo por el otro sin esperar nada a\ncambio, creo que era lo me motivaba a estudiar Medicina. Estoy muy emocionada\nporque era algo que quer\u00eda, lo esperaba, siempre dec\u00eda \u00a1Ojal\u00e1 me fuera a Puerto\nWilliams! Adem\u00e1s, me gusta la ruralidad as\u00ed que maravilloso, emocionad\u00edsima\u2026\u201d,\nse\u00f1al\u00f3 con euforia la futura m\u00e9dica Maureira. <\/p>\n\n\n\n<p><strong>Convencida de su carrera<\/strong><\/p>\n\n\n\n<p>Por un momento Catalina Araya\nBustos (25) pens\u00f3 que su futuro estaba en la Matroner\u00eda, luego en Ginecolog\u00eda,\npero con el pasar del tiempo se dio cuenta de que su verdadera vocaci\u00f3n era la\nMedicina. Y ahora, est\u00e1 m\u00e1s que convencida de la profesi\u00f3n que escogi\u00f3. <\/p>\n\n\n\n<p>\u201cFue una noticia bastante buena\nporque es un internado 100 % rural. Nosotros a veces recibimos pacientes de\nPuerto Williams, pero no conocemos c\u00f3mo viven, cu\u00e1l es su realidad y sus\nrecursos en el \u00e1rea de salud. Va a ser s\u00faper bueno empatizar con ellos y\nentenderlos de una mejor manera\u201d, manifest\u00f3 Catalina. <\/p>\n\n\n\n<p><strong>El retorno<\/strong><\/p>\n\n\n\n<p>No es primera vez que Sandra D\u00edaz\nB\u00f3rquez, estar\u00e1 en Puerto Williams como alumna en pr\u00e1ctica, ya hab\u00eda estado\nsiendo estudiante de \u00faltimo a\u00f1o de Enfermer\u00eda cuando en 2004 y por un per\u00edodo\nde 10 d\u00edas, fue a realizar sus tesis \u201cCalidad de vida en los habitantes mayores\nde 15 a\u00f1os en Puerto Williams\u201d. <\/p>\n\n\n\n<p>A sus 39 a\u00f1os, Sandra se form\u00f3 en\nla Escuela Bernardo O\u2019Higgins y posteriormente en el Liceo Juan Bautista\nContardi, ahora, su pr\u00f3xima parada ser\u00e1 el Hospital Cristina Calder\u00f3n de Puerto\nWilliams. <\/p>\n\n\n\n<p>\u201cFeliz de ir nuevamente a\nWilliams para contribuir en la salud p\u00fablica de esa zona. Quiero saber c\u00f3mo\nest\u00e1 el \u00c1rea de la Salud y c\u00f3mo ha funcionado el nuevo Hospital porque cuando\nnosotros fuimos (junto a compa\u00f1eros de Enfermer\u00eda) hab\u00eda solo un hospital y no\nhab\u00eda Cesfam. El a\u00f1o pasado trabaj\u00e9 en pandemia, siempre voy a donde me llaman.\nEn Salud, siempre he estado dispuesta a colaborar con mis pacientes\u201d, precis\u00f3\nD\u00edaz. <\/p>\n","protected":false},"excerpt":{"rendered":"<p>Tres estudiantes de la Carrera de Medicina de la Universidad de Magallanes (UMAG), iniciar\u00e1n este viernes 26 en el Hospital Comunitario Cristina Calder\u00f3n de Puerto Williams su internado rural, etapa&#8230; <a class=\"read-more\" href=\"https:\/\/www.radiopresidenteibanez.cl\/web\/hospital-de-puerto-williams-recibe-a-sus-primeras-internas-de-medicina\/\">Leer m\u00e1s<\/a><\/p>\n","protected":false},"author":2,"featured_media":8133,"comment_status":"closed","ping_status":"closed","sticky":false,"template":"","format":"standard","meta":{"footnotes":""},"categories":[1],"tags":[],"class_list":["post-19553","post","type-post","status-publish","format-standard","has-post-thumbnail","hentry","category-cronica"],"_links":{"self":[{"href":"https:\/\/www.radiopresidenteibanez.cl\/web\/wp-json\/wp\/v2\/posts\/19553","targetHints":{"allow":["GET"]}}],"collection":[{"href":"https:\/\/www.radiopresidenteibanez.cl\/web\/wp-json\/wp\/v2\/posts"}],"about":[{"href":"https:\/\/www.radiopresidenteibanez.cl\/web\/wp-json\/wp\/v2\/types\/post"}],"author":[{"embeddable":true,"href":"https:\/\/www.radiopresidenteibanez.cl\/web\/wp-json\/wp\/v2\/users\/2"}],"replies":[{"embeddable":true,"href":"https:\/\/www.radiopresidenteibanez.cl\/web\/wp-json\/wp\/v2\/comments?post=19553"}],"version-history":[{"count":0,"href":"https:\/\/www.radiopresidenteibanez.cl\/web\/wp-json\/wp\/v2\/posts\/19553\/revisions"}],"wp:featuredmedia":[{"embeddable":true,"href":"https:\/\/www.radiopresidenteibanez.cl\/web\/wp-json\/wp\/v2\/media\/8133"}],"wp:attachment":[{"href":"https:\/\/www.radiopresidenteibanez.cl\/web\/wp-json\/wp\/v2\/media?parent=19553"}],"wp:term":[{"taxonomy":"category","embeddable":true,"href":"https:\/\/www.radiopresidenteibanez.cl\/web\/wp-json\/wp\/v2\/categories?post=19553"},{"taxonomy":"post_tag","embeddable":true,"href":"https:\/\/www.radiopresidenteibanez.cl\/web\/wp-json\/wp\/v2\/tags?post=19553"}],"curies":[{"name":"wp","href":"https:\/\/api.w.org\/{rel}","templated":true}]}}