{"id":19547,"date":"2021-03-26T03:00:00","date_gmt":"2021-03-26T03:00:00","guid":{"rendered":"https:\/\/www.radiopresidenteibanez.cl\/web\/?p=19547"},"modified":"2021-03-25T22:17:57","modified_gmt":"2021-03-25T22:17:57","slug":"hospital-de-natales-implemento-atencion-de-traumatologia-a-traves-de-telemedicina","status":"publish","type":"post","link":"https:\/\/www.radiopresidenteibanez.cl\/web\/hospital-de-natales-implemento-atencion-de-traumatologia-a-traves-de-telemedicina\/","title":{"rendered":"HOSPITAL DE NATALES IMPLEMENT\u00d3 ATENCI\u00d3N DE TRAUMATOLOG\u00cdA A TRAV\u00c9S DE TELEMEDICINA"},"content":{"rendered":"\n<p>Respondiendo a la necesidad de incrementar\nlas atenciones de Traumatolog\u00eda, el Hospital Dr. Augusto Essmann Burgos\nimplement\u00f3 un Poli de Telemedicina de la especialidad, que atender\u00e1 tres veces por\nsemana, lo que permitir\u00e1 entregar mayor periodicidad y realizar nuevos ingresos\npara disminuir la lista de espera. Iniciativa que le permite al M\u00e9dico Traumat\u00f3logo,\nDr. Armando \u00c1lvarez, quien se encuentra en resguardo por patolog\u00edas cr\u00f3nicas, atender\na sus pacientes a trav\u00e9s del uso de la tecnolog\u00eda. <\/p>\n\n\n\n<p>Tal como explic\u00f3 el Subdirector M\u00e9dico(s),\nDr. Antonio Miranda, los pacientes son atendidos en Consultorio Adosado de\nEspecialidades (CAE), donde de manera conjunta, son atendidos, por un m\u00e9dico\nEDF y el Traumat\u00f3logo quien est\u00e1 conectado &nbsp;a trav\u00e9s de videollamada, \u201cdurante la atenci\u00f3n\nel m\u00e9dico puede evaluar al paciente a trav\u00e9s de telemedicina, adem\u00e1s de tener\nacceso a los ex\u00e1menes que se ha realizado, los registros en ficha y las ordenes\nson elaboradas por el m\u00e9dico general que apoya la atenci\u00f3n\u201d, explic\u00f3 el\ndirectivo. <\/p>\n\n\n\n<p>Respecto a la importancia del nuevo poli de\ntelemedicina el Director del Hospital de Natales, Dr. Darwin Letelier dijo: \u201cesta\nestrategia nos permitir\u00e1 asegurar\nla atenci\u00f3n de nuestros pacientes de Traumatolog\u00eda, dando as\u00ed cumplimiento a\nnuestro compromiso de dise\u00f1ar un plan que nos permitiera responder a la necesidad\nde atenci\u00f3n de esta especialidad. Quisiera destacar el trabajo conjunto de la Subdirecci\u00f3n\nM\u00e9dica, CAE, Traumatolog\u00eda, SOME e inform\u00e1tica, que implementaron el un periodo\nmuy acotado esta nueva herramienta\u201d. &nbsp;<\/p>\n\n\n\n<p>Por su parte, el M\u00e9dico Traumat\u00f3logo,\ncatalog\u00f3 la modalidad de telemedicina como una buena forma de acercar la\natenci\u00f3n de especialidad a los pacientes, durante la contingencia sanitaria, \u201cla\nevaluaci\u00f3n de manera conjunta con el m\u00e9dico en box, nos permite discutir los\ncasos y entregar una buena atenci\u00f3n a los pacientes de la especialidad\u201d, asegur\u00f3\nel Dr. \u00c1lvarez. <\/p>\n\n\n\n<p>Uno de los primeros pacientes que accedi\u00f3\na su atenci\u00f3n de especialidad a trav\u00e9s de telemedicina, fue Jos\u00e9 Barrientos,\nquien valor\u00f3 la utilizaci\u00f3n de la tecnolog\u00eda para la atenci\u00f3n de salud, \u201cfue\nuna atenci\u00f3n integral, d\u00f3nde el Dr. \u00c1lvarez me eval\u00fao junto a la Dra. Salgado,\nagradezco al Hospital por implementar esta herramienta que permite incrementar\nla disponibilidad de horas medicas de la especialidad\u201d, se\u00f1al\u00f3 el usuario. <\/p>\n","protected":false},"excerpt":{"rendered":"<p>Respondiendo a la necesidad de incrementar las atenciones de Traumatolog\u00eda, el Hospital Dr. Augusto Essmann Burgos implement\u00f3 un Poli de Telemedicina de la especialidad, que atender\u00e1 tres veces por semana,&#8230; <a class=\"read-more\" href=\"https:\/\/www.radiopresidenteibanez.cl\/web\/hospital-de-natales-implemento-atencion-de-traumatologia-a-traves-de-telemedicina\/\">Leer m\u00e1s<\/a><\/p>\n","protected":false},"author":2,"featured_media":19548,"comment_status":"closed","ping_status":"closed","sticky":false,"template":"","format":"standard","meta":{"footnotes":""},"categories":[1],"tags":[],"class_list":["post-19547","post","type-post","status-publish","format-standard","has-post-thumbnail","hentry","category-cronica"],"_links":{"self":[{"href":"https:\/\/www.radiopresidenteibanez.cl\/web\/wp-json\/wp\/v2\/posts\/19547","targetHints":{"allow":["GET"]}}],"collection":[{"href":"https:\/\/www.radiopresidenteibanez.cl\/web\/wp-json\/wp\/v2\/posts"}],"about":[{"href":"https:\/\/www.radiopresidenteibanez.cl\/web\/wp-json\/wp\/v2\/types\/post"}],"author":[{"embeddable":true,"href":"https:\/\/www.radiopresidenteibanez.cl\/web\/wp-json\/wp\/v2\/users\/2"}],"replies":[{"embeddable":true,"href":"https:\/\/www.radiopresidenteibanez.cl\/web\/wp-json\/wp\/v2\/comments?post=19547"}],"version-history":[{"count":0,"href":"https:\/\/www.radiopresidenteibanez.cl\/web\/wp-json\/wp\/v2\/posts\/19547\/revisions"}],"wp:featuredmedia":[{"embeddable":true,"href":"https:\/\/www.radiopresidenteibanez.cl\/web\/wp-json\/wp\/v2\/media\/19548"}],"wp:attachment":[{"href":"https:\/\/www.radiopresidenteibanez.cl\/web\/wp-json\/wp\/v2\/media?parent=19547"}],"wp:term":[{"taxonomy":"category","embeddable":true,"href":"https:\/\/www.radiopresidenteibanez.cl\/web\/wp-json\/wp\/v2\/categories?post=19547"},{"taxonomy":"post_tag","embeddable":true,"href":"https:\/\/www.radiopresidenteibanez.cl\/web\/wp-json\/wp\/v2\/tags?post=19547"}],"curies":[{"name":"wp","href":"https:\/\/api.w.org\/{rel}","templated":true}]}}