{"id":19544,"date":"2021-03-26T02:45:00","date_gmt":"2021-03-26T02:45:00","guid":{"rendered":"https:\/\/www.radiopresidenteibanez.cl\/web\/?p=19544"},"modified":"2021-03-25T22:15:37","modified_gmt":"2021-03-25T22:15:37","slug":"realizan-operativo-en-villa-renoval-para-continuar-con-el-proceso-de-inoculacion","status":"publish","type":"post","link":"https:\/\/www.radiopresidenteibanez.cl\/web\/realizan-operativo-en-villa-renoval-para-continuar-con-el-proceso-de-inoculacion\/","title":{"rendered":"REALIZAN OPERATIVO EN VILLA RENOVAL PARA CONTINUAR CON EL PROCESO DE INOCULACI\u00d3N"},"content":{"rendered":"\n<p>Con las\nsucesivas llegadas de partidas de vacunas contra el coronavirus a Chile, se ha\npodido desarrollar una exitosa campa\u00f1a de vacunaci\u00f3n a lo largo de todo el\npa\u00eds, esto debido en gran parte a la planificaci\u00f3n del proceso, dando cobertura\na distintos sectores y grupos etarios, teniendo como objetivo alcanzar progresivamente\na toda la poblaci\u00f3n.<\/p>\n\n\n\n<p>Por lo\nanterior, este mi\u00e9rcoles la gobernadora Ericka Far\u00edas se traslad\u00f3 a primera\nhora de la ma\u00f1ana hasta el Cesfam Dr. Juan Lozic P\u00e9rez de Puerto Natales para\nacompa\u00f1ar el traslado de las dosis de la vacuna Sinovac destinadas para Villa\nRenoval, jornada que cont\u00f3 con gran asistencia de personas que llegaron hasta\nla sede de esta localidad rural para poder recibir la inoculaci\u00f3n.<\/p>\n\n\n\n<p>Respecto\nal desarroll\u00f3 de este operativo, la gobernadora de \u00daltima Esperanza, Ericka Far\u00edas\ncoment\u00f3 \u201cpoder llegar a Villa Renoval con estas vacunas es algo que agradecemos\nporque pudo asistir gente que trabaja en los puestos, en los campos y en\ndistintos lugares alejados, pudiendo recibir esta dosis de la vacuna Sinovac.\nCon esto seguimos dando cumplimiento al mandato del presidente Sebasti\u00e1n Pi\u00f1era\nque es inocular a la poblaci\u00f3n de cada rinc\u00f3n de Chile\u201d.<\/p>\n\n\n\n<p>En\ntanto, la Tens encargada de llevar a cabo esta jornada de vacunaci\u00f3n, Nedda\nSoto, se\u00f1al\u00f3 que \u201cse hizo un operativo junto con la Gobernaci\u00f3n para venir a\nvacunar a 30 personas en Villa Renoval, adem\u00e1s, tenemos contemplado volver el\nd\u00eda 21 de abril para seguir con las segundas dosis de las personas que\nvacunamos hoy d\u00eda\u201d.<\/p>\n\n\n\n<p>De esta manera, se pudo llevar a cabo una jornada\nde inoculaci\u00f3n en orden y sin ninguna reacci\u00f3n adversa para las personas que\nrecibieron la dosis, logrando as\u00ed llegar con la vacuna a otro lugar alejado de\nla provincia, que se encuentra a bastantes kil\u00f3metros de la ciudad de Puerto\nNatales.<\/p>\n","protected":false},"excerpt":{"rendered":"<p>Con las sucesivas llegadas de partidas de vacunas contra el coronavirus a Chile, se ha podido desarrollar una exitosa campa\u00f1a de vacunaci\u00f3n a lo largo de todo el pa\u00eds, esto&#8230; <a class=\"read-more\" href=\"https:\/\/www.radiopresidenteibanez.cl\/web\/realizan-operativo-en-villa-renoval-para-continuar-con-el-proceso-de-inoculacion\/\">Leer m\u00e1s<\/a><\/p>\n","protected":false},"author":2,"featured_media":19545,"comment_status":"closed","ping_status":"closed","sticky":false,"template":"","format":"standard","meta":{"footnotes":""},"categories":[1],"tags":[],"class_list":["post-19544","post","type-post","status-publish","format-standard","has-post-thumbnail","hentry","category-cronica"],"_links":{"self":[{"href":"https:\/\/www.radiopresidenteibanez.cl\/web\/wp-json\/wp\/v2\/posts\/19544","targetHints":{"allow":["GET"]}}],"collection":[{"href":"https:\/\/www.radiopresidenteibanez.cl\/web\/wp-json\/wp\/v2\/posts"}],"about":[{"href":"https:\/\/www.radiopresidenteibanez.cl\/web\/wp-json\/wp\/v2\/types\/post"}],"author":[{"embeddable":true,"href":"https:\/\/www.radiopresidenteibanez.cl\/web\/wp-json\/wp\/v2\/users\/2"}],"replies":[{"embeddable":true,"href":"https:\/\/www.radiopresidenteibanez.cl\/web\/wp-json\/wp\/v2\/comments?post=19544"}],"version-history":[{"count":0,"href":"https:\/\/www.radiopresidenteibanez.cl\/web\/wp-json\/wp\/v2\/posts\/19544\/revisions"}],"wp:featuredmedia":[{"embeddable":true,"href":"https:\/\/www.radiopresidenteibanez.cl\/web\/wp-json\/wp\/v2\/media\/19545"}],"wp:attachment":[{"href":"https:\/\/www.radiopresidenteibanez.cl\/web\/wp-json\/wp\/v2\/media?parent=19544"}],"wp:term":[{"taxonomy":"category","embeddable":true,"href":"https:\/\/www.radiopresidenteibanez.cl\/web\/wp-json\/wp\/v2\/categories?post=19544"},{"taxonomy":"post_tag","embeddable":true,"href":"https:\/\/www.radiopresidenteibanez.cl\/web\/wp-json\/wp\/v2\/tags?post=19544"}],"curies":[{"name":"wp","href":"https:\/\/api.w.org\/{rel}","templated":true}]}}