{"id":19541,"date":"2021-03-26T02:30:00","date_gmt":"2021-03-26T02:30:00","guid":{"rendered":"https:\/\/www.radiopresidenteibanez.cl\/web\/?p=19541"},"modified":"2021-03-25T22:13:28","modified_gmt":"2021-03-25T22:13:28","slug":"autoridades-supervisan-en-punta-arenas-vacunacion-para-personas-en-situacion-de-calle","status":"publish","type":"post","link":"https:\/\/www.radiopresidenteibanez.cl\/web\/autoridades-supervisan-en-punta-arenas-vacunacion-para-personas-en-situacion-de-calle\/","title":{"rendered":"AUTORIDADES SUPERVISAN EN PUNTA ARENAS VACUNACI\u00d3N PARA PERSONAS EN SITUACI\u00d3N DE CALLE"},"content":{"rendered":"\n<p>Durante esta tarde autoridades regionales, lideradas por la Intendenta de Magallanes, Jenniffer Rojas, llegaron hasta el albergue de Punta Arenas \u2013 ubicado en Jos\u00e9 Miguel Carrera 948-, con el objetivo de intensificar la jornada de vacunaci\u00f3n para las personas en situaci\u00f3n de calle.<\/p>\n\n\n\n<p>Luego que los 40 usuarios del Centro de Referencia recibieran la vacuna contra el Covid-19, el turno de hoy fue para los 20 residentes y 14 funcionarios de este dispositivo que ejecuta la Fundaci\u00f3n para el Desarrollo de Magallanes (FIDE XII), con financiamiento del Ministerio de Desarrollo Social y Familia.<\/p>\n\n\n\n<p>Para la m\u00e1xima autoridad local, \u201choy estamos apoyando un importante proceso creado entre el Ministerio de Salud y de Desarrollo Social y Familia con el objetivo de ir en b\u00fasqueda de este grupo para ser inoculados, debido que muchos de ellos, pese a haber sido considerados por edad o por presentar alguna enfermedad dentro del plan de vacunaci\u00f3n, no lo han hecho. La inoculaci\u00f3n tiene que estar disponible para todas las personas, y aqu\u00ed se muestra esa premisa\u201d.<\/p>\n\n\n\n<p>A su vez, el SEREMI de Salud (S) Eduardo Castillo, manifest\u00f3 que \u201cel proceso de vacunaci\u00f3n que se ha implementado busca priorizar a la poblaci\u00f3n de riesgo, y en ese sentido estamos vacunando a las personas en situaci\u00f3n de calle. Va a ser un trabajo coordinado del sector Salud con el Ministerio de Desarrollo Social, para poder llegar a los distintos lugares, hospeder\u00edas y otros centros de atenci\u00f3n donde se pueda localizar a esta poblaci\u00f3n objetivo, entendiendo los factores de riesgo que conlleva la exposici\u00f3n constante en la calle\u201d.<\/p>\n\n\n\n<p>Finalmente la Seremi de Desarrollo Social y Familia, Liz Casanueva, explic\u00f3 que \u201ccomo se trata de una poblaci\u00f3n din\u00e1mica, se dispuso la inoculaci\u00f3n de personas en situaci\u00f3n de calle pertenecientes a programas residenciales y no residenciales financiados por nuestro ministerio, y de programas a cargo de la sociedad civil. Gracias a la jornada de hoy, 60 hombres y mujeres ya cuentan con su primera dosis, pero sabemos que hay m\u00e1s personas que a\u00fan no concurren a los lugares de vacunaci\u00f3n. Pese a que es voluntario, el llamado es a ser parte de este plan que ha demando un gran esfuerzo por nuestro Gobierno\u201d.<\/p>\n\n\n\n<p>Seg\u00fan el Registro Social de Hogares (RSH) la poblaci\u00f3n nacional en situaci\u00f3n de calle es de 16.410 personas, de las cuales el 15,7% corresponde a mujeres y el 84,3% a hombres.<\/p>\n","protected":false},"excerpt":{"rendered":"<p>Durante esta tarde autoridades regionales, lideradas por la Intendenta de Magallanes, Jenniffer Rojas, llegaron hasta el albergue de Punta Arenas \u2013 ubicado en Jos\u00e9 Miguel Carrera 948-, con el objetivo&#8230; <a class=\"read-more\" href=\"https:\/\/www.radiopresidenteibanez.cl\/web\/autoridades-supervisan-en-punta-arenas-vacunacion-para-personas-en-situacion-de-calle\/\">Leer m\u00e1s<\/a><\/p>\n","protected":false},"author":2,"featured_media":19542,"comment_status":"closed","ping_status":"closed","sticky":false,"template":"","format":"standard","meta":{"footnotes":""},"categories":[1],"tags":[],"class_list":["post-19541","post","type-post","status-publish","format-standard","has-post-thumbnail","hentry","category-cronica"],"_links":{"self":[{"href":"https:\/\/www.radiopresidenteibanez.cl\/web\/wp-json\/wp\/v2\/posts\/19541","targetHints":{"allow":["GET"]}}],"collection":[{"href":"https:\/\/www.radiopresidenteibanez.cl\/web\/wp-json\/wp\/v2\/posts"}],"about":[{"href":"https:\/\/www.radiopresidenteibanez.cl\/web\/wp-json\/wp\/v2\/types\/post"}],"author":[{"embeddable":true,"href":"https:\/\/www.radiopresidenteibanez.cl\/web\/wp-json\/wp\/v2\/users\/2"}],"replies":[{"embeddable":true,"href":"https:\/\/www.radiopresidenteibanez.cl\/web\/wp-json\/wp\/v2\/comments?post=19541"}],"version-history":[{"count":0,"href":"https:\/\/www.radiopresidenteibanez.cl\/web\/wp-json\/wp\/v2\/posts\/19541\/revisions"}],"wp:featuredmedia":[{"embeddable":true,"href":"https:\/\/www.radiopresidenteibanez.cl\/web\/wp-json\/wp\/v2\/media\/19542"}],"wp:attachment":[{"href":"https:\/\/www.radiopresidenteibanez.cl\/web\/wp-json\/wp\/v2\/media?parent=19541"}],"wp:term":[{"taxonomy":"category","embeddable":true,"href":"https:\/\/www.radiopresidenteibanez.cl\/web\/wp-json\/wp\/v2\/categories?post=19541"},{"taxonomy":"post_tag","embeddable":true,"href":"https:\/\/www.radiopresidenteibanez.cl\/web\/wp-json\/wp\/v2\/tags?post=19541"}],"curies":[{"name":"wp","href":"https:\/\/api.w.org\/{rel}","templated":true}]}}