{"id":19538,"date":"2021-03-26T02:15:00","date_gmt":"2021-03-26T02:15:00","guid":{"rendered":"https:\/\/www.radiopresidenteibanez.cl\/web\/?p=19538"},"modified":"2021-03-25T22:11:13","modified_gmt":"2021-03-25T22:11:13","slug":"un-recuerdo-para-oscar-riquelme-en-el-ultimo-tren-a-casa","status":"publish","type":"post","link":"https:\/\/www.radiopresidenteibanez.cl\/web\/un-recuerdo-para-oscar-riquelme-en-el-ultimo-tren-a-casa\/","title":{"rendered":"UN RECUERDO PARA OSCAR RIQUELME EN EL \u00daLTIMO TREN A CASA"},"content":{"rendered":"\n<p>Este viernes, 19 hrs. el programa \u00abEl \u00faltimo tren a\ncasa\u00bb que produce el Colectivo Aczi\u00f3n Kultural&nbsp; y&nbsp; que\nconduce Pedro Guichapany presenta una edici\u00f3n dedicada al fot\u00f3grafo, gestor y\nproductor cultural magall\u00e1nico \u00d3SCAR RIQUELME NAVARRO, fallecido el 23 de\nfebrero del presente a\u00f1o producto de un paro cardio respiratorio. <\/p>\n\n\n\n<p>El programa contar\u00e1 con la participaci\u00f3n en testimonios de\namigos cercanos como el dibujante Juan Carlos Mu\u00f1oz Alegr\u00eda quien junto a Oscar\ny otros amigos fundaron la revista \u00abLa Peste\u00bb en los a\u00f1os 80&#8242;.\nTambi\u00e9n participa el m\u00fasico y docente Roberto N\u00fa\u00f1ez, quien cuenta c\u00f3mo se logr\u00f3\ntraer al grupo Congreso a Punta Arenas en esos tiempos y finalmente est\u00e1\ntambi\u00e9n el testimonio de Jorge Grez, audiovisualista, cineasta, director\ntelevisivo de Umag Tv, quien comparti\u00f3 numerosos trabajos con Oscar Riquelme. <\/p>\n\n\n\n<p>El programa ir\u00e1 acompa\u00f1ado con la m\u00fasica que atesor\u00f3\nRiquelme, habr\u00e1 un recuerdo para el recientemente fallecido trompetista de jazz\nCristi\u00e1n Cuturrufo, adem\u00e1s de algunos hechos desconocidos en la vida de este\nartista visual.<\/p>\n\n\n\n<p>Radio Presidente Ib\u00e1\u00f1ez:<\/p>\n\n\n\n<p>&#8211; 88.5 FM Punta Arenas y Porvenir<\/p>\n\n\n\n<p>&#8211; Canal 34 Tv Red HD<\/p>\n\n\n\n<p>&#8211; Facebook Live Radio Presidente Ib\u00e1\u00f1ez<\/p>\n\n\n\n<p>&#8211; www.radiopresidenteibanez.cl<\/p>\n","protected":false},"excerpt":{"rendered":"<p>Este viernes, 19 hrs. el programa \u00abEl \u00faltimo tren a casa\u00bb que produce el Colectivo Aczi\u00f3n Kultural&nbsp; y&nbsp; que conduce Pedro Guichapany presenta una edici\u00f3n dedicada al fot\u00f3grafo, gestor y&#8230; <a class=\"read-more\" href=\"https:\/\/www.radiopresidenteibanez.cl\/web\/un-recuerdo-para-oscar-riquelme-en-el-ultimo-tren-a-casa\/\">Leer m\u00e1s<\/a><\/p>\n","protected":false},"author":2,"featured_media":19539,"comment_status":"closed","ping_status":"closed","sticky":false,"template":"","format":"standard","meta":{"footnotes":""},"categories":[1],"tags":[],"class_list":["post-19538","post","type-post","status-publish","format-standard","has-post-thumbnail","hentry","category-cronica"],"_links":{"self":[{"href":"https:\/\/www.radiopresidenteibanez.cl\/web\/wp-json\/wp\/v2\/posts\/19538","targetHints":{"allow":["GET"]}}],"collection":[{"href":"https:\/\/www.radiopresidenteibanez.cl\/web\/wp-json\/wp\/v2\/posts"}],"about":[{"href":"https:\/\/www.radiopresidenteibanez.cl\/web\/wp-json\/wp\/v2\/types\/post"}],"author":[{"embeddable":true,"href":"https:\/\/www.radiopresidenteibanez.cl\/web\/wp-json\/wp\/v2\/users\/2"}],"replies":[{"embeddable":true,"href":"https:\/\/www.radiopresidenteibanez.cl\/web\/wp-json\/wp\/v2\/comments?post=19538"}],"version-history":[{"count":0,"href":"https:\/\/www.radiopresidenteibanez.cl\/web\/wp-json\/wp\/v2\/posts\/19538\/revisions"}],"wp:featuredmedia":[{"embeddable":true,"href":"https:\/\/www.radiopresidenteibanez.cl\/web\/wp-json\/wp\/v2\/media\/19539"}],"wp:attachment":[{"href":"https:\/\/www.radiopresidenteibanez.cl\/web\/wp-json\/wp\/v2\/media?parent=19538"}],"wp:term":[{"taxonomy":"category","embeddable":true,"href":"https:\/\/www.radiopresidenteibanez.cl\/web\/wp-json\/wp\/v2\/categories?post=19538"},{"taxonomy":"post_tag","embeddable":true,"href":"https:\/\/www.radiopresidenteibanez.cl\/web\/wp-json\/wp\/v2\/tags?post=19538"}],"curies":[{"name":"wp","href":"https:\/\/api.w.org\/{rel}","templated":true}]}}