{"id":19535,"date":"2021-03-26T02:00:00","date_gmt":"2021-03-26T02:00:00","guid":{"rendered":"https:\/\/www.radiopresidenteibanez.cl\/web\/?p=19535"},"modified":"2021-03-25T22:09:10","modified_gmt":"2021-03-25T22:09:10","slug":"51-alumnos-completan-con-exito-curso-de-tripulante-general-de-cubierta","status":"publish","type":"post","link":"https:\/\/www.radiopresidenteibanez.cl\/web\/51-alumnos-completan-con-exito-curso-de-tripulante-general-de-cubierta\/","title":{"rendered":"51 ALUMNOS COMPLETAN CON \u00c9XITO CURSO DE TRIPULANTE GENERAL DE CUBIERTA"},"content":{"rendered":"\n<p>Poco m\u00e1s de 400 horas de clases\ntuvieron que experimentar los 51 alumnos que esta semana concluyeron con \u00e9xito\nel curso Tripulante General de Cubierta de la Marina Mercante, dictado en Punta\nArenas por la Fundaci\u00f3n \u201cAlmirante Carlos Condell\u201d y con financiamiento de la\nsubsecretar\u00eda del Trabajo.<\/p>\n\n\n\n<p>Debido a los efectos de la pandemia\npor Covid-19 en la regi\u00f3n, el curso se desarroll\u00f3, en gran parte, v\u00eda\nstreaming, al igual que la ceremonia de entrega de los certificados, efectuada\nde manera virtual con participaci\u00f3n del subsecretario del Trabajo, Fernando\nArab; la Seremi del Trabajo, Victoria Cort\u00e9s; y autoridades de la Fundaci\u00f3n\nCarlos Condell.<\/p>\n\n\n\n<p>Seg\u00fan expres\u00f3 el subsecretario\ndurante la ceremonia, \u201cla capacitaci\u00f3n es la principal herramienta que tienen\nnuestros trabajadores para acceder a mejores condiciones salariales y\nlaborales. Por ello, felicito a los 51 alumnos y alumnas que recibieron sus\ndiplomas y agradezco a la Fundaci\u00f3n Carlos Condell que ha sido un muy buen\naliado en esta materia. Estos han sido tiempos complejos, lo dijeron los\npropios alumnos. Por eso, es importante continuar generando estos cursos que\nles entregan hoy un valor agregado y en un rubro que siempre est\u00e1 requiriendo\ntrabajadores\u201d.<\/p>\n\n\n\n<p>Los m\u00f3dulos impartidos durante la\ncapacitaci\u00f3n, exigidos por la Autoridad Mar\u00edtima, fueron: Reglamentaci\u00f3n en\nnavegaci\u00f3n, Seguridad Personal, Ingl\u00e9s Mar\u00edtimo, Maniobras, Maquinaria y\nMeteorolog\u00eda. Adem\u00e1s de los 5 cursos b\u00e1sicos OMI (Organizaci\u00f3n Mar\u00edtima\nInternacional) y las materias de empleabilidad (apresto laboral, derechos y\ndeberes en el trabajo, entre otros.<\/p>\n\n\n\n<p>Seg\u00fan expres\u00f3 la Seremi del Trabajo,\n\u201ces muy importante que los cursos que impartamos sean, no s\u00f3lo de calidad, sino\nque, adem\u00e1s, tengan reales posibilidades de empleabilidad. Estos cursos cumplen\nampliamente con esto y, por ello, como cartera del Trabajo, buscamos cada a\u00f1o\npoder impartirlos. Por lo mismo, a\u00fan con la pandemia, se hicieron los esfuerzos\npara poder desarrollarlos v\u00eda online y, en eso, la fundaci\u00f3n Carlos Condell\nhizo una gran labor, la cual agradecemos y felicitamos\u201d.<\/p>\n\n\n\n<p>La alumna Ana Mu\u00f1oz, quien recibi\u00f3 su\ncertificado junto a sus otros 50 compa\u00f1eros, destac\u00f3 el esfuerzo que puso cada\nuno para poder completar este curso en un per\u00edodo tan complejo para todos. \u201cEsta\nfue una etapa llena de sacrificios, estudio y tambi\u00e9n de incertidumbre por el\nfuturo. No fue un proceso f\u00e1cil, la pandemia nos jug\u00f3 una mala pasada, nos dej\u00f3\na muchos sin trabajo o con ingresos disminuidos. Sin embargo, se abri\u00f3 esta\noportunidad que, al menos para m\u00ed fue la primera en esta materia, porque no\nsab\u00eda ni siquiera la diferencia entre barco o lancha, pero creo que para todos\nvali\u00f3 la pena y ahora esperamos tener un buen futuro laboral\u201d, expres\u00f3 la\nalumna durante la ceremonia.<\/p>\n\n\n\n<p>Con esta actividad se cerr\u00f3 el ciclo\nde cursos impartidos por la fundaci\u00f3n durante el \u00faltimo trimestre del a\u00f1o 2020,\nlos cuales finalizar\u00e1n esta semana con la realizaci\u00f3n de las \u00faltimas clases\npr\u00e1cticas.<\/p>\n","protected":false},"excerpt":{"rendered":"<p>Poco m\u00e1s de 400 horas de clases tuvieron que experimentar los 51 alumnos que esta semana concluyeron con \u00e9xito el curso Tripulante General de Cubierta de la Marina Mercante, dictado&#8230; <a class=\"read-more\" href=\"https:\/\/www.radiopresidenteibanez.cl\/web\/51-alumnos-completan-con-exito-curso-de-tripulante-general-de-cubierta\/\">Leer m\u00e1s<\/a><\/p>\n","protected":false},"author":2,"featured_media":19536,"comment_status":"closed","ping_status":"closed","sticky":false,"template":"","format":"standard","meta":{"footnotes":""},"categories":[1],"tags":[],"class_list":["post-19535","post","type-post","status-publish","format-standard","has-post-thumbnail","hentry","category-cronica"],"_links":{"self":[{"href":"https:\/\/www.radiopresidenteibanez.cl\/web\/wp-json\/wp\/v2\/posts\/19535","targetHints":{"allow":["GET"]}}],"collection":[{"href":"https:\/\/www.radiopresidenteibanez.cl\/web\/wp-json\/wp\/v2\/posts"}],"about":[{"href":"https:\/\/www.radiopresidenteibanez.cl\/web\/wp-json\/wp\/v2\/types\/post"}],"author":[{"embeddable":true,"href":"https:\/\/www.radiopresidenteibanez.cl\/web\/wp-json\/wp\/v2\/users\/2"}],"replies":[{"embeddable":true,"href":"https:\/\/www.radiopresidenteibanez.cl\/web\/wp-json\/wp\/v2\/comments?post=19535"}],"version-history":[{"count":0,"href":"https:\/\/www.radiopresidenteibanez.cl\/web\/wp-json\/wp\/v2\/posts\/19535\/revisions"}],"wp:featuredmedia":[{"embeddable":true,"href":"https:\/\/www.radiopresidenteibanez.cl\/web\/wp-json\/wp\/v2\/media\/19536"}],"wp:attachment":[{"href":"https:\/\/www.radiopresidenteibanez.cl\/web\/wp-json\/wp\/v2\/media?parent=19535"}],"wp:term":[{"taxonomy":"category","embeddable":true,"href":"https:\/\/www.radiopresidenteibanez.cl\/web\/wp-json\/wp\/v2\/categories?post=19535"},{"taxonomy":"post_tag","embeddable":true,"href":"https:\/\/www.radiopresidenteibanez.cl\/web\/wp-json\/wp\/v2\/tags?post=19535"}],"curies":[{"name":"wp","href":"https:\/\/api.w.org\/{rel}","templated":true}]}}