{"id":19532,"date":"2021-03-25T17:09:59","date_gmt":"2021-03-25T17:09:59","guid":{"rendered":"https:\/\/www.radiopresidenteibanez.cl\/web\/?p=19532"},"modified":"2021-03-25T17:10:04","modified_gmt":"2021-03-25T17:10:04","slug":"alerta-roja-en-puerto-natales-debido-a-incendio-forestal-que-se-inicio-al-interior-de-regimiento","status":"publish","type":"post","link":"https:\/\/www.radiopresidenteibanez.cl\/web\/alerta-roja-en-puerto-natales-debido-a-incendio-forestal-que-se-inicio-al-interior-de-regimiento\/","title":{"rendered":"ALERTA ROJA EN PUERTO NATALES DEBIDO A INCENDIO FORESTAL QUE SE INICI\u00d3 AL INTERIOR DE REGIMIENTO"},"content":{"rendered":"\n<p>Pasadas las 10:00 horas de este mi\u00e9rcoles, 25 de marzo, se\ninicio un incendio de grandes proporciones al interior del recinto militar \u201cLanceros\u201d,\nesto luego de que personal se encontrar\u00e1 realizando practicas al interior de un\npol\u00edgono de tiros.<\/p>\n\n\n\n<p>Inmediatamente y al ver que las llamas no cesaban personal\nmilitar, bomberil y de Conaf, iniciaron sus labores para evitar la propagaci\u00f3n\ndel fuego, las cuales ante las condiciones clim\u00e1ticas que se presentan en la\nzona fueron insuficientes y pasadas las 13 horas m\u00e1s de 130 hect\u00e1reas se han\nvisto afectadas por el fuego.<\/p>\n\n\n\n<p>Ante esto, y posterior a la reuni\u00f3n del COE, Onemi decreto\nalerta roja en la comuna de Puerto Natales, en este sentido la Gobernadora de \u00daltima\nEsperanza, Ericka Farias y el alcalde natalino, Fernando Paredes, mostraron su\npreocupaci\u00f3n e indicaron que han solicitado toda la ayuda a comunas aleda\u00f1as y en\ncaso de seguir creciendo este incendio no dudar\u00e1n en pedir colaboraci\u00f3n a otras\nregiones.<\/p>\n\n\n\n<p>En las pr\u00f3ximas horas, deber\u00e1 llegar personal de Conaf desde\nPunta Arenas, as\u00ed tambi\u00e9n, un helic\u00f3ptero con equipo especializado para trabajar\nen este incendio forestal.<\/p>\n\n\n\n<p>Otra de las preocupaciones de la autoridad y la comunidad,\nes que las llamas se acercan r\u00e1pidamente hasta el relleno sanitario de la\ncomuna, que cuenta con una extensi\u00f3n de 45 hect\u00e1reas de terreno y aleda\u00f1o a\neste existe una estancia de un vecino de Puerto Natales.<\/p>\n\n\n\n<p>Cabe recordar, que no es primera vez que existe un incendio al interior del regimiento \u201cLanceros\u201d por lo que la Gobernadora indic\u00f3 que se realizar\u00e1 la investigaci\u00f3n correspondiente.<\/p>\n\n\n\n<p>Fuente: <a href=\"https:\/\/www.esurcomunicaciones.cl\/alerta-roja-en-puerto-natales-debido-a-incendio-forestal-que-se-inicio-al-interior-de-regimiento\/\">https:\/\/www.esurcomunicaciones.cl\/alerta-roja-en-puerto-natales-debido-a-incendio-forestal-que-se-inicio-al-interior-de-regimiento\/<\/a><\/p>\n","protected":false},"excerpt":{"rendered":"<p>Pasadas las 10:00 horas de este mi\u00e9rcoles, 25 de marzo, se inicio un incendio de grandes proporciones al interior del recinto militar \u201cLanceros\u201d, esto luego de que personal se encontrar\u00e1&#8230; <a class=\"read-more\" href=\"https:\/\/www.radiopresidenteibanez.cl\/web\/alerta-roja-en-puerto-natales-debido-a-incendio-forestal-que-se-inicio-al-interior-de-regimiento\/\">Leer m\u00e1s<\/a><\/p>\n","protected":false},"author":2,"featured_media":19533,"comment_status":"closed","ping_status":"closed","sticky":false,"template":"","format":"standard","meta":{"footnotes":""},"categories":[1],"tags":[],"class_list":["post-19532","post","type-post","status-publish","format-standard","has-post-thumbnail","hentry","category-cronica"],"_links":{"self":[{"href":"https:\/\/www.radiopresidenteibanez.cl\/web\/wp-json\/wp\/v2\/posts\/19532","targetHints":{"allow":["GET"]}}],"collection":[{"href":"https:\/\/www.radiopresidenteibanez.cl\/web\/wp-json\/wp\/v2\/posts"}],"about":[{"href":"https:\/\/www.radiopresidenteibanez.cl\/web\/wp-json\/wp\/v2\/types\/post"}],"author":[{"embeddable":true,"href":"https:\/\/www.radiopresidenteibanez.cl\/web\/wp-json\/wp\/v2\/users\/2"}],"replies":[{"embeddable":true,"href":"https:\/\/www.radiopresidenteibanez.cl\/web\/wp-json\/wp\/v2\/comments?post=19532"}],"version-history":[{"count":0,"href":"https:\/\/www.radiopresidenteibanez.cl\/web\/wp-json\/wp\/v2\/posts\/19532\/revisions"}],"wp:featuredmedia":[{"embeddable":true,"href":"https:\/\/www.radiopresidenteibanez.cl\/web\/wp-json\/wp\/v2\/media\/19533"}],"wp:attachment":[{"href":"https:\/\/www.radiopresidenteibanez.cl\/web\/wp-json\/wp\/v2\/media?parent=19532"}],"wp:term":[{"taxonomy":"category","embeddable":true,"href":"https:\/\/www.radiopresidenteibanez.cl\/web\/wp-json\/wp\/v2\/categories?post=19532"},{"taxonomy":"post_tag","embeddable":true,"href":"https:\/\/www.radiopresidenteibanez.cl\/web\/wp-json\/wp\/v2\/tags?post=19532"}],"curies":[{"name":"wp","href":"https:\/\/api.w.org\/{rel}","templated":true}]}}