{"id":19529,"date":"2021-03-25T04:00:00","date_gmt":"2021-03-25T04:00:00","guid":{"rendered":"https:\/\/www.radiopresidenteibanez.cl\/web\/?p=19529"},"modified":"2021-03-24T22:46:19","modified_gmt":"2021-03-24T22:46:19","slug":"radonich-busca-impulsar-nuevo-centro-salud-mental-para-punta-arenas","status":"publish","type":"post","link":"https:\/\/www.radiopresidenteibanez.cl\/web\/radonich-busca-impulsar-nuevo-centro-salud-mental-para-punta-arenas\/","title":{"rendered":"RADONICH BUSCA IMPULSAR NUEVO CENTRO SALUD MENTAL PARA PUNTA ARENAS"},"content":{"rendered":"\n<p>Con el fin de generar propuestas y avanzar en lo que se relaciona con el \u00c1rea de Salud Municipal, Claudio Radonich plante\u00f3 la idea de construir un nuevo Centro de Salud Mental para la comuna, pensando en los altos \u00edndices vinculados al suicidio, pero tambi\u00e9n, como una manera de potenciar y fortalecer los canales de ayuda frente a los efectos de la pandemia en la ciudadan\u00eda.<\/p>\n\n\n\n<p>En ese sentido, Radonich explic\u00f3 que hoy propone avanzar en base a tres ejes, por lo que dijo que \u201ces momento de reafirmar mi compromiso con la salud municipal de manera muy simple, pero muy concreta. Primero aumentar las coberturas dentales, creando un Centro Odontol\u00f3gico municipal, de tal forma de hacernos cargo de las pr\u00f3tesis dentales y tambi\u00e9n de la Ortodoncia\u201d.<\/p>\n\n\n\n<p>De igual forma y como uno de los pilares, el candidato agreg\u00f3 que \u201ces necesario crear un Centro de Salud Mental Comunal, que es fundamental en una ciudad que tienes altos \u00edndices de suicidio, pero que tambi\u00e9n fruto de la pandemia, tenemos que seguir apoyando a los vecinos que la han pasado mal\u201d.<\/p>\n\n\n\n<p>Por \u00faltimo y como tercer eje, el abogado y ex intendente regional, recalc\u00f3 que \u201cfortaleceremos el Centro Oftalmol\u00f3gico Comunal, para lo cual es importante potenciar lo que ya concretamos, la \u00f3ptica comunal\u201d.<\/p>\n\n\n\n<p>Junto a estas propuestas, Radonich dijo que se continuar\u00e1 trabajando por mejorar las coberturas en todas las \u00e1reas, redoblando esfuerzos para dotar de m\u00e1s insumos y productos a las Farmacias Comunales, y que espera contar cuanto antes con Urgencia en el lado sur de la ciudad y dos nuevos Cesfam en la comuna, como son el Fenton y 18 de septiembre.<\/p>\n","protected":false},"excerpt":{"rendered":"<p>Con el fin de generar propuestas y avanzar en lo que se relaciona con el \u00c1rea de Salud Municipal, Claudio Radonich plante\u00f3 la idea de construir un nuevo Centro de&#8230; <a class=\"read-more\" href=\"https:\/\/www.radiopresidenteibanez.cl\/web\/radonich-busca-impulsar-nuevo-centro-salud-mental-para-punta-arenas\/\">Leer m\u00e1s<\/a><\/p>\n","protected":false},"author":2,"featured_media":19530,"comment_status":"closed","ping_status":"closed","sticky":false,"template":"","format":"standard","meta":{"footnotes":""},"categories":[1],"tags":[],"class_list":["post-19529","post","type-post","status-publish","format-standard","has-post-thumbnail","hentry","category-cronica"],"_links":{"self":[{"href":"https:\/\/www.radiopresidenteibanez.cl\/web\/wp-json\/wp\/v2\/posts\/19529","targetHints":{"allow":["GET"]}}],"collection":[{"href":"https:\/\/www.radiopresidenteibanez.cl\/web\/wp-json\/wp\/v2\/posts"}],"about":[{"href":"https:\/\/www.radiopresidenteibanez.cl\/web\/wp-json\/wp\/v2\/types\/post"}],"author":[{"embeddable":true,"href":"https:\/\/www.radiopresidenteibanez.cl\/web\/wp-json\/wp\/v2\/users\/2"}],"replies":[{"embeddable":true,"href":"https:\/\/www.radiopresidenteibanez.cl\/web\/wp-json\/wp\/v2\/comments?post=19529"}],"version-history":[{"count":0,"href":"https:\/\/www.radiopresidenteibanez.cl\/web\/wp-json\/wp\/v2\/posts\/19529\/revisions"}],"wp:featuredmedia":[{"embeddable":true,"href":"https:\/\/www.radiopresidenteibanez.cl\/web\/wp-json\/wp\/v2\/media\/19530"}],"wp:attachment":[{"href":"https:\/\/www.radiopresidenteibanez.cl\/web\/wp-json\/wp\/v2\/media?parent=19529"}],"wp:term":[{"taxonomy":"category","embeddable":true,"href":"https:\/\/www.radiopresidenteibanez.cl\/web\/wp-json\/wp\/v2\/categories?post=19529"},{"taxonomy":"post_tag","embeddable":true,"href":"https:\/\/www.radiopresidenteibanez.cl\/web\/wp-json\/wp\/v2\/tags?post=19529"}],"curies":[{"name":"wp","href":"https:\/\/api.w.org\/{rel}","templated":true}]}}