{"id":19526,"date":"2021-03-25T03:45:00","date_gmt":"2021-03-25T03:45:00","guid":{"rendered":"https:\/\/www.radiopresidenteibanez.cl\/web\/?p=19526"},"modified":"2021-03-24T22:44:26","modified_gmt":"2021-03-24T22:44:26","slug":"magallanes-mas-del-80-de-los-trabajadores-esenciales-del-sector-electrico-y-combustibles-ya-recibio-la-primera-dosis","status":"publish","type":"post","link":"https:\/\/www.radiopresidenteibanez.cl\/web\/magallanes-mas-del-80-de-los-trabajadores-esenciales-del-sector-electrico-y-combustibles-ya-recibio-la-primera-dosis\/","title":{"rendered":"MAGALLANES: M\u00c1S DEL 80% DE LOS TRABAJADORES ESENCIALES DEL SECTOR EL\u00c9CTRICO Y COMBUSTIBLES YA RECIBI\u00d3 LA PRIMERA DOSIS"},"content":{"rendered":"\n<p>En el gimnasio corporativo de Enel, en la comuna de\nSantiago, el ministro de Energ\u00eda, Juan Carlos Jobet, dio el vamos esta semana\nal proceso de vacunaci\u00f3n contra el Covid-19 para trabajadores de electricidad y\ncombustibles.<\/p>\n\n\n\n<p>\u201cEsta semana es muy especial para el sector energ\u00eda, porque\nestamos empezando el proceso de vacunaci\u00f3n de todos los trabajadores y\ntrabajadoras de esta industria, la cual ha mostrado ser muy robusta, ya que ha\nseguido abasteciendo de energ\u00eda a nuestro pa\u00eds desde los sucesos de octubre de\n2019, y durante toda la pandemia\u201d, expres\u00f3 el ministro Juan Carlos Jobet.<\/p>\n\n\n\n<p>En esa misma l\u00ednea, el secretario de Estado recalc\u00f3 que \u201ca\nveces damos por sentado que la energ\u00eda siga fluyendo, que tengamos luz en nuestra\ncasa, gas, bencina para nuestros autos, pero detr\u00e1s de ese suministro de\nenerg\u00eda hay miles de trabajadores en todo el pa\u00eds que se desempe\u00f1an en\nsituaciones a veces muy dif\u00edciles por las cuarentenas, saliendo muy temprano\npara cumplir con su labor\u201d.<\/p>\n\n\n\n<p>Jobet sostuvo que \u201cahora, en uno de los momentos m\u00e1s\ndif\u00edciles de esta crisis sanitaria, los llamamos a hacer un \u00faltimo esfuerzo,\nmantener todos los resguardos posibles, y participar en este proceso de\nvacunaci\u00f3n\u201d.<\/p>\n\n\n\n<p>MAGALLANES: AVANZANDO CON FLUIDEZ<\/p>\n\n\n\n<p>En relaci\u00f3n a c\u00f3mo se est\u00e1 llevando a cabo el proceso en la\nregi\u00f3n m\u00e1s austral de Chile, el SEREMI (s) de Energ\u00eda de Magallanes, Carlos\nOlave afirm\u00f3 que \u00e9ste \u201cavanza fluidamente\u201d.<\/p>\n\n\n\n<p>\u201cHasta la fecha, la vacunaci\u00f3n de los trabajadores\nesenciales tanto del sector combustible como del sector electricidad, se ha\ndesarrollado en orden y a un buen ritmo. A la fecha, m\u00e1s del 80% de los\ntrabajadores de estas \u00e1reas ya recibi\u00f3 su primera dosis\u201d, cont\u00f3 Olave. <\/p>\n\n\n\n<p>Asimismo, el SEREMI Olave evalu\u00f3 que tanto las empresas como\nlos trabajadores del sector han tenido un comportamiento \u201cejemplar, muy\nresponsable y comprometido con Chile a trav\u00e9s del proceso de vacunaci\u00f3n que ha\nimplementado nuestro Gobierno y que ya cuenta con casi 6 millones de personas\ninoculadas\u201d.<\/p>\n\n\n\n<p>En este sentido, Olave coment\u00f3 que \u201ca este ritmo y de\nacuerdo a los datos de vacunaci\u00f3n proporcionados por la empresas del sector,\nhacia fin de abril, la totalidad de los trabajadores esenciales del sector\nenerg\u00e9tico podr\u00edan estar inmunizados\u201d.&nbsp;&nbsp;&nbsp;&nbsp;\n<\/p>\n\n\n\n<p>La autoridad regional (s) de Energ\u00eda aprovech\u00f3 de reiterar\nel agradecimiento entregado por el ministro Jobet a los trabajadores esenciales\nde sector, \u201cquienes con su compromiso, brindaron a chilenas y chilenos,\ntranquilidad para resistir los embates de la pandemia junto a sus familias, sin\ntemor a ver afectado el suministro de gas, electricidad o combustible para sus\nveh\u00edculos\u201d.&nbsp; <\/p>\n\n\n\n<p>De acuerdo con el calendario de vacunaci\u00f3n entregado por la\nautoridad sanitaria, el personal de servicios b\u00e1sicos \u2013que incluye\nelectricidad,&nbsp; y combustibles, tanto a\nnivel de generaci\u00f3n, transmisi\u00f3n y distribuci\u00f3n de energ\u00eda- podr\u00e1n vacunarse\nesta semana.<\/p>\n\n\n\n<p>El sector energ\u00eda agrupa a 584 empresas e instituciones, de\nlas cuales se desprenden alrededor de 80.000 trabajadores esenciales. Cada\ncompa\u00f1\u00eda deber\u00e1 definir el criterio de selecci\u00f3n y prioridad para acceder al\nproceso de inoculaci\u00f3n.<\/p>\n\n\n\n<p>Seg\u00fan el Ministerio de Salud, 5.739.672 personas ya han sido\nvacunadas contra el COVID-19 en Chile. De ellos, casi 3 millones de personas\nmayores de 60 a\u00f1os y m\u00e1s, han recibido las dos dosis de la campa\u00f1a de\ninmunizaci\u00f3n. Respecto al g\u00e9nero, el 57,4 % de los vacunados corresponde a\nmujeres y el 42,6 %&nbsp; a hombres.<\/p>\n","protected":false},"excerpt":{"rendered":"<p>En el gimnasio corporativo de Enel, en la comuna de Santiago, el ministro de Energ\u00eda, Juan Carlos Jobet, dio el vamos esta semana al proceso de vacunaci\u00f3n contra el Covid-19&#8230; <a class=\"read-more\" href=\"https:\/\/www.radiopresidenteibanez.cl\/web\/magallanes-mas-del-80-de-los-trabajadores-esenciales-del-sector-electrico-y-combustibles-ya-recibio-la-primera-dosis\/\">Leer m\u00e1s<\/a><\/p>\n","protected":false},"author":2,"featured_media":19527,"comment_status":"closed","ping_status":"closed","sticky":false,"template":"","format":"standard","meta":{"footnotes":""},"categories":[1],"tags":[],"class_list":["post-19526","post","type-post","status-publish","format-standard","has-post-thumbnail","hentry","category-cronica"],"_links":{"self":[{"href":"https:\/\/www.radiopresidenteibanez.cl\/web\/wp-json\/wp\/v2\/posts\/19526","targetHints":{"allow":["GET"]}}],"collection":[{"href":"https:\/\/www.radiopresidenteibanez.cl\/web\/wp-json\/wp\/v2\/posts"}],"about":[{"href":"https:\/\/www.radiopresidenteibanez.cl\/web\/wp-json\/wp\/v2\/types\/post"}],"author":[{"embeddable":true,"href":"https:\/\/www.radiopresidenteibanez.cl\/web\/wp-json\/wp\/v2\/users\/2"}],"replies":[{"embeddable":true,"href":"https:\/\/www.radiopresidenteibanez.cl\/web\/wp-json\/wp\/v2\/comments?post=19526"}],"version-history":[{"count":0,"href":"https:\/\/www.radiopresidenteibanez.cl\/web\/wp-json\/wp\/v2\/posts\/19526\/revisions"}],"wp:featuredmedia":[{"embeddable":true,"href":"https:\/\/www.radiopresidenteibanez.cl\/web\/wp-json\/wp\/v2\/media\/19527"}],"wp:attachment":[{"href":"https:\/\/www.radiopresidenteibanez.cl\/web\/wp-json\/wp\/v2\/media?parent=19526"}],"wp:term":[{"taxonomy":"category","embeddable":true,"href":"https:\/\/www.radiopresidenteibanez.cl\/web\/wp-json\/wp\/v2\/categories?post=19526"},{"taxonomy":"post_tag","embeddable":true,"href":"https:\/\/www.radiopresidenteibanez.cl\/web\/wp-json\/wp\/v2\/tags?post=19526"}],"curies":[{"name":"wp","href":"https:\/\/api.w.org\/{rel}","templated":true}]}}