{"id":19523,"date":"2021-03-25T03:30:00","date_gmt":"2021-03-25T03:30:00","guid":{"rendered":"https:\/\/www.radiopresidenteibanez.cl\/web\/?p=19523"},"modified":"2021-03-24T22:38:22","modified_gmt":"2021-03-24T22:38:22","slug":"la-junji-magallanes-inauguro-un-nuevo-y-moderno-jardin-infantil-en-la-comuna-de-cabo-de-hornos","status":"publish","type":"post","link":"https:\/\/www.radiopresidenteibanez.cl\/web\/la-junji-magallanes-inauguro-un-nuevo-y-moderno-jardin-infantil-en-la-comuna-de-cabo-de-hornos\/","title":{"rendered":"LA JUNJI MAGALLANES INAUGUR\u00d3 UN NUEVO Y MODERNO JARD\u00cdN INFANTIL EN LA COMUNA DE CABO DE HORNOS"},"content":{"rendered":"\n<p>Luego de 27 a\u00f1os, la Junta Nacional de Jardines\nInfantiles (JUNJI) cuenta con un segundo recinto en la comuna de Cabo de\nHornos, con la inauguraci\u00f3n oficial del establecimiento \u201cPuerto Williams\u201d,\nconstruido en calle Carlos Condell 205. Y es que la \u00fanica unidad institucional\npresente en el territorio era, desde 1994, \u201cUkika\u201d. <\/p>\n\n\n\n<p>Hoy la oferta del servicio p\u00fablico\nde educaci\u00f3n parvularia se ampli\u00f3 con una sala cuna y un nivel medio, para 48\nni\u00f1as y ni\u00f1os m\u00e1s. <\/p>\n\n\n\n<p>La ceremonia fue encabezada por la Vicepresidenta Ejecutiva\nde la JUNJI, Adriana Gaete Somarriva; el Gobernador de la Provincia Ant\u00e1rtica,\nNelson C\u00e1rcamo Barrera; el Secretario Regional Ministerial de Educaci\u00f3n, Rodrigo\nSep\u00falveda Tagle y la Directora Regional (S) de la JUNJI, Marisol Villegas\nN\u00fa\u00f1ez, adem\u00e1s de representantes de la Municipalidad de Cabo de Hornos y distintas\ninstituciones presentes en Isla Navarino. <\/p>\n\n\n\n<p>A trav\u00e9s de una transmisi\u00f3n por la p\u00e1gina de \u201cJUNJI\nMagallanes\u201d en YouTube, pudo verse la actividad en todos los rincones del\nplaneta. <\/p>\n\n\n\n<p>El Jard\u00edn Infantil \u201cPuerto Williams\u201d cuenta con una\nconstrucci\u00f3n de 696 metros cuadrados y una inversi\u00f3n de $2.071 millones, que\nfueron aprobados por el Consejo Regional (CORE) a trav\u00e9s del Fondo Nacional de\nDesarrollo Regional (FNDR). Adicionalmente, cuenta con una vivienda destinada a\nfuncionarias que arriben a los australes parajes para componer los equipos\npedag\u00f3gicos y que no tengan resuelto su domicilio definitivo en la zona. <\/p>\n\n\n\n<p>Las funcionarias y funcionarios de la unidad est\u00e1n\ntrabajando desde el pasado 22 de febrero de 2021, mientras que las puertas a la\ncomunidad fueron abiertas el 8 de marzo con todas las medidas tomadas frente a\nla emergencia sanitaria que afecta al planeta. <\/p>\n\n\n\n<p>La directora del establecimiento \u201cPuerto Williams\u201d es\nla educadora Catherine Mellado Mellado. En su mensaje, destac\u00f3 que los p\u00e1rvulos\nser\u00e1n los principales beneficiados con el nuevo recinto. \u201cContamos con un gran\nespacio exterior para tener un contacto permanente con la naturaleza. \u00c9sta\nnutre el cerebro con los m\u00e1s fuertes est\u00edmulos y eso es fundamental para el\ndesarrollo. Estamos orgullosas de poder ser parte de este proyecto, para el crecimiento\nde la primera infancia\u201d, enfatiz\u00f3.<\/p>\n\n\n\n<p>La apoderada de la Sala Cuna, Constanza Calisto\nGallardo, dijo que celebran, como familia, la inauguraci\u00f3n del jard\u00edn. \u201cSe\ntrata de un refuerzo de la experiencia educativa. El equipo debe estar\norgulloso de c\u00f3mo est\u00e1n cambiando positivamente la vida de las personas y su aporte\na terminar con las brechas en la educaci\u00f3n\u201d, recalc\u00f3. <\/p>\n\n\n\n<p>El Gobernador C\u00e1rcamo prev\u00e9 que con el paso de los\nd\u00edas las aulas del jard\u00edn se ir\u00e1n llenando m\u00e1s y m\u00e1s de risas y carreras de\nni\u00f1as y ni\u00f1os. \u201cEl futuro empieza a elaborarse en los jardines infantiles. La\nresponsabilidad es ahora en cuanto a brindar la vocaci\u00f3n de servicio y el\ntrabajo profesional hacia los p\u00e1rvulos. Como gobierno provincial estamos\ndispuestos a cooperar\u201d, se comprometi\u00f3 el profesor. <\/p>\n\n\n\n<p>La Intendenta Jenniffer Rojas Garc\u00eda, entreg\u00f3 un\nmensaje v\u00eda remota, estableciendo que \u201ces un d\u00eda muy especial para las familias de\nCabo de Hornos; la construcci\u00f3n responde a un requerimiento de la comunidad,\nque demandaba un nuevo recinto y de alta calidad para la educaci\u00f3n de sus ni\u00f1as\ny ni\u00f1os. La Educaci\u00f3n Parvularia es un eje prioritario para el Gobierno del\nPresidente Sebasti\u00e1n Pi\u00f1era, porque entendemos que, desde esta etapa, se\nconstruye el futuro de nuestros hijos e hijas, el que debe otorgar\noportunidades a todos por igual. Aprovecho de agradecer al CORE por el\nfinanciamiento a trav\u00e9s del FNDR\u201d.<\/p>\n\n\n\n<p>Adriana Gaete recalc\u00f3 la importancia que tuvo para\nella poder asistir, de forma presencial, a la inauguraci\u00f3n. \u201cPude poner la\nprimera piedra para esta construcci\u00f3n, que naci\u00f3 de la voluntad de personas e instituciones\npor poner a los ni\u00f1os primero. Quiero agradecer al Gobierno Regional su\nrespaldo y al equipo de la JUNJI. Es un proyecto precioso y no barato pero es\nel que los ni\u00f1os merecen. Es muy lindo llegar al rinc\u00f3n m\u00e1s austral de Chile\ncon un jard\u00edn como \u00e9ste. No importa donde naces, las oportunidades deben ser\nlas mismas\u201d concluy\u00f3 la autoridad institucional. <\/p>\n","protected":false},"excerpt":{"rendered":"<p>Luego de 27 a\u00f1os, la Junta Nacional de Jardines Infantiles (JUNJI) cuenta con un segundo recinto en la comuna de Cabo de Hornos, con la inauguraci\u00f3n oficial del establecimiento \u201cPuerto&#8230; <a class=\"read-more\" href=\"https:\/\/www.radiopresidenteibanez.cl\/web\/la-junji-magallanes-inauguro-un-nuevo-y-moderno-jardin-infantil-en-la-comuna-de-cabo-de-hornos\/\">Leer m\u00e1s<\/a><\/p>\n","protected":false},"author":2,"featured_media":19524,"comment_status":"closed","ping_status":"closed","sticky":false,"template":"","format":"standard","meta":{"footnotes":""},"categories":[1],"tags":[],"class_list":["post-19523","post","type-post","status-publish","format-standard","has-post-thumbnail","hentry","category-cronica"],"_links":{"self":[{"href":"https:\/\/www.radiopresidenteibanez.cl\/web\/wp-json\/wp\/v2\/posts\/19523","targetHints":{"allow":["GET"]}}],"collection":[{"href":"https:\/\/www.radiopresidenteibanez.cl\/web\/wp-json\/wp\/v2\/posts"}],"about":[{"href":"https:\/\/www.radiopresidenteibanez.cl\/web\/wp-json\/wp\/v2\/types\/post"}],"author":[{"embeddable":true,"href":"https:\/\/www.radiopresidenteibanez.cl\/web\/wp-json\/wp\/v2\/users\/2"}],"replies":[{"embeddable":true,"href":"https:\/\/www.radiopresidenteibanez.cl\/web\/wp-json\/wp\/v2\/comments?post=19523"}],"version-history":[{"count":0,"href":"https:\/\/www.radiopresidenteibanez.cl\/web\/wp-json\/wp\/v2\/posts\/19523\/revisions"}],"wp:featuredmedia":[{"embeddable":true,"href":"https:\/\/www.radiopresidenteibanez.cl\/web\/wp-json\/wp\/v2\/media\/19524"}],"wp:attachment":[{"href":"https:\/\/www.radiopresidenteibanez.cl\/web\/wp-json\/wp\/v2\/media?parent=19523"}],"wp:term":[{"taxonomy":"category","embeddable":true,"href":"https:\/\/www.radiopresidenteibanez.cl\/web\/wp-json\/wp\/v2\/categories?post=19523"},{"taxonomy":"post_tag","embeddable":true,"href":"https:\/\/www.radiopresidenteibanez.cl\/web\/wp-json\/wp\/v2\/tags?post=19523"}],"curies":[{"name":"wp","href":"https:\/\/api.w.org\/{rel}","templated":true}]}}