{"id":19520,"date":"2021-03-25T03:15:00","date_gmt":"2021-03-25T03:15:00","guid":{"rendered":"https:\/\/www.radiopresidenteibanez.cl\/web\/?p=19520"},"modified":"2021-03-24T22:36:16","modified_gmt":"2021-03-24T22:36:16","slug":"con-el-anuncio-del-50-de-la-poblacion-de-magallanes-vacunada-seremi-de-salud-inicia-proceso-de-vacunacion-en-la-poblacion-sana","status":"publish","type":"post","link":"https:\/\/www.radiopresidenteibanez.cl\/web\/con-el-anuncio-del-50-de-la-poblacion-de-magallanes-vacunada-seremi-de-salud-inicia-proceso-de-vacunacion-en-la-poblacion-sana\/","title":{"rendered":"CON EL ANUNCIO DEL 50% DE LA POBLACI\u00d3N DE MAGALLANES VACUNADA, SEREMI DE SALUD INICIA PROCESO DE VACUNACI\u00d3N EN LA POBLACI\u00d3N SANA"},"content":{"rendered":"\n<p>La\nRegi\u00f3n de Magallanes y la Ant\u00e1rtica Chilena lidera las cifras nacionales en\nporcentaje de vacunaci\u00f3n en primeras y segundas dosis. Hoy la Autoridad Sanitaria\ninform\u00f3 que el 50.5% de la poblaci\u00f3n total, es decir, la mitad del p\u00fablico a\nvacunar ya ha recibido su primera protecci\u00f3n, con 70.408 personas inoculadas.\nEn cuanto a la segunda dosis, esta alcanza un 30% de cobertura lo que equivale\na 41.126 dosis administradas.<\/p>\n\n\n\n<p>El\nr\u00e1pido proceso de vacunaci\u00f3n permiti\u00f3 que esta semana se diera inicio a la\ninoculaci\u00f3n de adultos entre 57 y 59 a\u00f1os, poblaci\u00f3n sana que, gracias al\ndestacado avance de inmunizaci\u00f3n, vio adelantada su calendario. <\/p>\n\n\n\n<p>Hasta\nlas dependencias de la Escuela Manuel Bulnes lleg\u00f3 hoy la Sra. Jaqueline\nCrisosto Beltr\u00e1n de 59 a\u00f1os quien se mostr\u00f3 contenta y agradecida de poder\nrecibir la inoculaci\u00f3n antes de lo previsto. \u201cCon ansias esperaba este d\u00eda,\nvine en cuanto me enter\u00e9 de la fecha. Es muy importante la vacuna porque esto\nnos tiene muy asustados, he tenido amigas que han fallecido por la pandemia.\nInvito a la gente a que se venga a vacunar\u201d. <\/p>\n\n\n\n<p>En\ntanto el Seremi de Salud (S) Magallanes Eduardo Castillo agreg\u00f3 que: \u201cQuiero\nagradecer y reconocer al personal de salud que ha trabajado incansablemente\ndurante todo este proceso de vacunaci\u00f3n que ha permitido llegar hoy a m\u00e1s de\n50% de la poblaci\u00f3n objetivo vacunada y m\u00e1s del 30% de la poblaci\u00f3n que ha\nrecibido la segunda dosis. Hago el llamado a participar de este proceso de\nvacunaci\u00f3n, un proceso que adelantamos gracias al buen proceso\ndesarrollado\u201d.&nbsp; <\/p>\n\n\n\n<p>Esta\nsemana tambi\u00e9n se comenz\u00f3 a vacunar a nivel local a los vocales de mesa (de\nacuerdo a rango etario), delegados de la Junta Electoral, personal del SERVEL,\nque participar\u00e1n en las pr\u00f3ximas elecciones programadas para el 10 y 11 de\nabril. Asimismo, se sum\u00f3 esta semana la realizaci\u00f3n de la inoculaci\u00f3n de la\nestrategia capullo; padres y\/o cuidadores de ni\u00f1os inmunocomprometidos,\npersonas con segundas dosis y a todas las personas rezagadas.<\/p>\n","protected":false},"excerpt":{"rendered":"<p>La Regi\u00f3n de Magallanes y la Ant\u00e1rtica Chilena lidera las cifras nacionales en porcentaje de vacunaci\u00f3n en primeras y segundas dosis. Hoy la Autoridad Sanitaria inform\u00f3 que el 50.5% de&#8230; <a class=\"read-more\" href=\"https:\/\/www.radiopresidenteibanez.cl\/web\/con-el-anuncio-del-50-de-la-poblacion-de-magallanes-vacunada-seremi-de-salud-inicia-proceso-de-vacunacion-en-la-poblacion-sana\/\">Leer m\u00e1s<\/a><\/p>\n","protected":false},"author":2,"featured_media":19521,"comment_status":"closed","ping_status":"closed","sticky":false,"template":"","format":"standard","meta":{"footnotes":""},"categories":[1],"tags":[],"class_list":["post-19520","post","type-post","status-publish","format-standard","has-post-thumbnail","hentry","category-cronica"],"_links":{"self":[{"href":"https:\/\/www.radiopresidenteibanez.cl\/web\/wp-json\/wp\/v2\/posts\/19520","targetHints":{"allow":["GET"]}}],"collection":[{"href":"https:\/\/www.radiopresidenteibanez.cl\/web\/wp-json\/wp\/v2\/posts"}],"about":[{"href":"https:\/\/www.radiopresidenteibanez.cl\/web\/wp-json\/wp\/v2\/types\/post"}],"author":[{"embeddable":true,"href":"https:\/\/www.radiopresidenteibanez.cl\/web\/wp-json\/wp\/v2\/users\/2"}],"replies":[{"embeddable":true,"href":"https:\/\/www.radiopresidenteibanez.cl\/web\/wp-json\/wp\/v2\/comments?post=19520"}],"version-history":[{"count":0,"href":"https:\/\/www.radiopresidenteibanez.cl\/web\/wp-json\/wp\/v2\/posts\/19520\/revisions"}],"wp:featuredmedia":[{"embeddable":true,"href":"https:\/\/www.radiopresidenteibanez.cl\/web\/wp-json\/wp\/v2\/media\/19521"}],"wp:attachment":[{"href":"https:\/\/www.radiopresidenteibanez.cl\/web\/wp-json\/wp\/v2\/media?parent=19520"}],"wp:term":[{"taxonomy":"category","embeddable":true,"href":"https:\/\/www.radiopresidenteibanez.cl\/web\/wp-json\/wp\/v2\/categories?post=19520"},{"taxonomy":"post_tag","embeddable":true,"href":"https:\/\/www.radiopresidenteibanez.cl\/web\/wp-json\/wp\/v2\/tags?post=19520"}],"curies":[{"name":"wp","href":"https:\/\/api.w.org\/{rel}","templated":true}]}}