{"id":19514,"date":"2021-03-25T02:45:00","date_gmt":"2021-03-25T02:45:00","guid":{"rendered":"https:\/\/www.radiopresidenteibanez.cl\/web\/?p=19514"},"modified":"2021-03-24T22:30:21","modified_gmt":"2021-03-24T22:30:21","slug":"capitania-de-puerto-de-puerto-natales-efectua-evacuacion-medica-en-la-provincia-de-ultima-esperanza","status":"publish","type":"post","link":"https:\/\/www.radiopresidenteibanez.cl\/web\/capitania-de-puerto-de-puerto-natales-efectua-evacuacion-medica-en-la-provincia-de-ultima-esperanza\/","title":{"rendered":"CAPITAN\u00cdA DE PUERTO DE PUERTO NATALES EFECT\u00daA EVACUACI\u00d3N M\u00c9DICA, EN LA PROVINCIA DE \u00daLTIMA ESPERANZA"},"content":{"rendered":"\n<p>Durante la jornada del 23 de marzo la Capitan\u00eda de Puerto de Puerto Natales realiz\u00f3 un operativo de evacuaci\u00f3n m\u00e9dica, en las cercan\u00edas de Isla Cavieses, sector Estero Poca Esperanza.<\/p>\n\n\n\n<p>El operativo se inici\u00f3 a las 16:45 horas, tras la solicitud radial desde la Barcaza Melina III a la Capitan\u00eda de Puerto de Puerto Natales,&nbsp; notificando que uno de sus pasajeros se encontraba con sintomatolog\u00eda de paro cardiorrespiratorio, encontr\u00e1ndose la mencionada nave en el sector de Isla Wagner, distante a unos 80 kil\u00f3metros de la capital provincial.<\/p>\n\n\n\n<p>Por lo cual, la Autoridad Mar\u00edtima dispuso el zarpe de la Lancha de Servicio de Rescate, Tipo Arc\u00e1ngel (LSR-4422), previa coordinaci\u00f3n con el SAMU de Puerto Natales, objeto trasladar al personal de salud al \u00e1rea de la emergencia, para realizar la evaluaci\u00f3n m\u00e9dica especializada y materializar su traslado a un centro de asistencial.<\/p>\n\n\n\n<p>De esta manera, se estableci\u00f3 un punto de encuentro con la Barcaza Melina III en el sector de Isla Cavieses, en donde el personal del SAMU efectu\u00f3 la estabilizaci\u00f3n y diagn\u00f3stico al pasajero, quien presentaba un cuadro de diabetes descompensada con hipoglicemia, procediendo a su evacuaci\u00f3n m\u00e9dica a bordo de la LSR 4422, siguiendo los distintos protocolos establecidos en el actual contexto de emergencia sanitaria.<\/p>\n\n\n\n<p>Cerca de las 21 horas recal\u00f3 en el muelle de la Empresa Portuaria Austral de la capital provincial la Unidad Mar\u00edtima, siendo trasladado el paciente en ambulancia del SAMU, al Hospital \u201cDoctor Augusto Essman\u201d de Puerto Natales.<\/p>\n\n\n\n<p>Es de esta manera la Autoridad Mar\u00edtima se mantiene alerta y operativa para actuar ante los requerimientos de emergencias en las distintas rutas mar\u00edtimas, resguardando la vida humana en el mar y la seguridad e intereses territoriales en los diferentes sectores aislados de nuestro pa\u00eds.<\/p>\n","protected":false},"excerpt":{"rendered":"<p>Durante la jornada del 23 de marzo la Capitan\u00eda de Puerto de Puerto Natales realiz\u00f3 un operativo de evacuaci\u00f3n m\u00e9dica, en las cercan\u00edas de Isla Cavieses, sector Estero Poca Esperanza&#8230;. <a class=\"read-more\" href=\"https:\/\/www.radiopresidenteibanez.cl\/web\/capitania-de-puerto-de-puerto-natales-efectua-evacuacion-medica-en-la-provincia-de-ultima-esperanza\/\">Leer m\u00e1s<\/a><\/p>\n","protected":false},"author":2,"featured_media":19515,"comment_status":"closed","ping_status":"closed","sticky":false,"template":"","format":"standard","meta":{"footnotes":""},"categories":[1],"tags":[],"class_list":["post-19514","post","type-post","status-publish","format-standard","has-post-thumbnail","hentry","category-cronica"],"_links":{"self":[{"href":"https:\/\/www.radiopresidenteibanez.cl\/web\/wp-json\/wp\/v2\/posts\/19514","targetHints":{"allow":["GET"]}}],"collection":[{"href":"https:\/\/www.radiopresidenteibanez.cl\/web\/wp-json\/wp\/v2\/posts"}],"about":[{"href":"https:\/\/www.radiopresidenteibanez.cl\/web\/wp-json\/wp\/v2\/types\/post"}],"author":[{"embeddable":true,"href":"https:\/\/www.radiopresidenteibanez.cl\/web\/wp-json\/wp\/v2\/users\/2"}],"replies":[{"embeddable":true,"href":"https:\/\/www.radiopresidenteibanez.cl\/web\/wp-json\/wp\/v2\/comments?post=19514"}],"version-history":[{"count":0,"href":"https:\/\/www.radiopresidenteibanez.cl\/web\/wp-json\/wp\/v2\/posts\/19514\/revisions"}],"wp:featuredmedia":[{"embeddable":true,"href":"https:\/\/www.radiopresidenteibanez.cl\/web\/wp-json\/wp\/v2\/media\/19515"}],"wp:attachment":[{"href":"https:\/\/www.radiopresidenteibanez.cl\/web\/wp-json\/wp\/v2\/media?parent=19514"}],"wp:term":[{"taxonomy":"category","embeddable":true,"href":"https:\/\/www.radiopresidenteibanez.cl\/web\/wp-json\/wp\/v2\/categories?post=19514"},{"taxonomy":"post_tag","embeddable":true,"href":"https:\/\/www.radiopresidenteibanez.cl\/web\/wp-json\/wp\/v2\/tags?post=19514"}],"curies":[{"name":"wp","href":"https:\/\/api.w.org\/{rel}","templated":true}]}}