{"id":19502,"date":"2021-03-25T02:00:00","date_gmt":"2021-03-25T02:00:00","guid":{"rendered":"https:\/\/www.radiopresidenteibanez.cl\/web\/?p=19502"},"modified":"2021-03-24T22:09:28","modified_gmt":"2021-03-24T22:09:28","slug":"colegio-de-periodistas-de-magallanes-invita-a-debate-constituyente-por-el-derecho-a-la-comunicacion","status":"publish","type":"post","link":"https:\/\/www.radiopresidenteibanez.cl\/web\/colegio-de-periodistas-de-magallanes-invita-a-debate-constituyente-por-el-derecho-a-la-comunicacion\/","title":{"rendered":"COLEGIO DE PERIODISTAS DE MAGALLANES INVITA A DEBATE CONSTITUYENTE POR EL DERECHO A LA COMUNICACI\u00d3N"},"content":{"rendered":"\n<p>El\nColegio de Periodistas Regional Magallanes ha reunido a los principales medios\nde comunicaci\u00f3n regionales para realizar un debate con el fin de discutir sobre\nel Derecho a la Comunicaci\u00f3n con nueve (9) candidatos a la pr\u00f3xima elecci\u00f3n de\nrepresentantes a la Convenci\u00f3n Constitucional.<\/p>\n\n\n\n<p>El\ndi\u00e1logo se desarrollar\u00e1 el pr\u00f3ximo lunes 29 de marzo, a las 20:00 horas&nbsp; y ser\u00e1 transmitido en vivo a trav\u00e9s de las\nradios Meridional, Magallanes, Polar, Porvenir, Presidente Ib\u00e1\u00f1ez, Soberan\u00eda,\nPorvenir, Ona, Milod\u00f3n, Baquedano Austral y Natales; tambi\u00e9n por las se\u00f1ales de\nlas redes sociales de Streaming Sur, Miralop, UmagTV, TVRed, Buenos D\u00edas\nRegi\u00f3n, El Magall\u00e1nico, Ovejero Noticias, Prensa Ant\u00e1rtica, Pepe Noticias y\nDiario La Prensa Austral; adem\u00e1s de las redes sociales del Colegio de\nPeriodistas de Magallanes.<\/p>\n\n\n\n<p>El formato del debate\nest\u00e1 organizado en dos bloques, en los que participar\u00e1n en forma\npresencial los representantes de las ocho (8) listas que tomar\u00e1n parte en la\nelecci\u00f3n de los constituyentes en el Distrito 28 y una representante de pueblos\noriginarios, espec\u00edficamente del pueblo Kaw\u00e9skar. Las y los participantes\nfueron nominados por sus respectivas listas y posteriormente, seleccionados\nmediante sorteo.<\/p>\n\n\n\n<p>Para\nel presidente del Colegio de Periodistas de Magallanes, Jaime Almonacid Vargas el\ndesarrollo de la actividad est\u00e1 directamente relacionada con los lineamientos\nque se est\u00e1n trabajando a nivel nacional, los cuales est\u00e1n asociados a incluir\nen la Nueva Constituci\u00f3n el Derecho a la Comunicaci\u00f3n. <\/p>\n\n\n\n<p>\u201cCreemos\nque en la Nueva Constituci\u00f3n se debe reconocer\na la sociedad completa como protagonista de la comunicaci\u00f3n, garantizando\nderechos colectivos. La ciudadan\u00eda merece educarse\npara poder hacer juicios informados sobre las fuentes medi\u00e1ticas y de\ninformaci\u00f3n y, adem\u00e1s, de ampliar su participaci\u00f3n c\u00edvica en los medios de\ncomunicaci\u00f3n. Pero para ello, se debe explicitar en el documento que se\ntrabajar\u00e1. Por ello, es importante conocer cu\u00e1les son las visiones y opiniones\nde las y los candidatos en esta materia en relaci\u00f3n al #DerechoalaComunicaci\u00f3n\u201d,\npuntualiz\u00f3 Almonacid.<\/p>\n","protected":false},"excerpt":{"rendered":"<p>El Colegio de Periodistas Regional Magallanes ha reunido a los principales medios de comunicaci\u00f3n regionales para realizar un debate con el fin de discutir sobre el Derecho a la Comunicaci\u00f3n&#8230; <a class=\"read-more\" href=\"https:\/\/www.radiopresidenteibanez.cl\/web\/colegio-de-periodistas-de-magallanes-invita-a-debate-constituyente-por-el-derecho-a-la-comunicacion\/\">Leer m\u00e1s<\/a><\/p>\n","protected":false},"author":2,"featured_media":19503,"comment_status":"closed","ping_status":"closed","sticky":false,"template":"","format":"standard","meta":{"footnotes":""},"categories":[1],"tags":[],"class_list":["post-19502","post","type-post","status-publish","format-standard","has-post-thumbnail","hentry","category-cronica"],"_links":{"self":[{"href":"https:\/\/www.radiopresidenteibanez.cl\/web\/wp-json\/wp\/v2\/posts\/19502","targetHints":{"allow":["GET"]}}],"collection":[{"href":"https:\/\/www.radiopresidenteibanez.cl\/web\/wp-json\/wp\/v2\/posts"}],"about":[{"href":"https:\/\/www.radiopresidenteibanez.cl\/web\/wp-json\/wp\/v2\/types\/post"}],"author":[{"embeddable":true,"href":"https:\/\/www.radiopresidenteibanez.cl\/web\/wp-json\/wp\/v2\/users\/2"}],"replies":[{"embeddable":true,"href":"https:\/\/www.radiopresidenteibanez.cl\/web\/wp-json\/wp\/v2\/comments?post=19502"}],"version-history":[{"count":0,"href":"https:\/\/www.radiopresidenteibanez.cl\/web\/wp-json\/wp\/v2\/posts\/19502\/revisions"}],"wp:featuredmedia":[{"embeddable":true,"href":"https:\/\/www.radiopresidenteibanez.cl\/web\/wp-json\/wp\/v2\/media\/19503"}],"wp:attachment":[{"href":"https:\/\/www.radiopresidenteibanez.cl\/web\/wp-json\/wp\/v2\/media?parent=19502"}],"wp:term":[{"taxonomy":"category","embeddable":true,"href":"https:\/\/www.radiopresidenteibanez.cl\/web\/wp-json\/wp\/v2\/categories?post=19502"},{"taxonomy":"post_tag","embeddable":true,"href":"https:\/\/www.radiopresidenteibanez.cl\/web\/wp-json\/wp\/v2\/tags?post=19502"}],"curies":[{"name":"wp","href":"https:\/\/api.w.org\/{rel}","templated":true}]}}