{"id":19498,"date":"2021-03-24T13:59:26","date_gmt":"2021-03-24T13:59:26","guid":{"rendered":"https:\/\/www.radiopresidenteibanez.cl\/web\/?p=19498"},"modified":"2021-03-24T13:59:31","modified_gmt":"2021-03-24T13:59:31","slug":"consejeros-regionales-se-reunieron-con-seremi-de-salud-para-conocer-situacion-epidemiologica-en-magallanes-y-plantear-inquietudes","status":"publish","type":"post","link":"https:\/\/www.radiopresidenteibanez.cl\/web\/consejeros-regionales-se-reunieron-con-seremi-de-salud-para-conocer-situacion-epidemiologica-en-magallanes-y-plantear-inquietudes\/","title":{"rendered":"CONSEJEROS REGIONALES SE REUNIERON CON SEREMI DE SALUD PARA CONOCER SITUACI\u00d3N EPIDEMIOL\u00d3GICA EN MAGALLANES Y PLANTEAR INQUIETUDES"},"content":{"rendered":"\n<p>Con el objetivo de actualizar\ninformaci\u00f3n referida a la situaci\u00f3n epidemiol\u00f3gica en Magallanes y plantear\ninquietudes desde los distintos territorios, el Consejo Regional se reuni\u00f3 este\nlunes con el seremi (s) de Salud, Eduardo Castillo. La actividad fue la primera\nen tabla en la sesi\u00f3n plenaria de este lunes, efectuada de manera\nsemipresencial en el sal\u00f3n Nelda Panicucci del Edificio Patrimonial del\nGobierno Regional y por videoconferencia. <\/p>\n\n\n\n<p>En la oportunidad, el seremi\n(s) dio a conocer a trav\u00e9s de una presentaci\u00f3n y gr\u00e1ficos, la disminuci\u00f3n\nsostenida del n\u00famero de casos contagiados en la regi\u00f3n, &nbsp;desde febrero a marzo, lo cual permiti\u00f3 que\nlas comunas de Punta Arenas y Puerto Natales avanzar\u00e1n a la etapa 3 seg\u00fan el\nPlan Paso a Paso. &nbsp;Asimismo coment\u00f3 que\ndurante ocho meses, la regi\u00f3n mantuvo una taza de positividad del 10%, &nbsp;logrando bajar a un 6% durante los \u00faltimos\nmeses. <\/p>\n\n\n\n<p>Otro tema abordado fue el\nfuncionamiento de la Barrera Sanitaria en Puerto Williams, inquietud llevada a\nla mesa por el consejero de la provincia Ant\u00e1rtica, Rodolfo Moncada, luego de\nque todos los pasajeros de un vuelo comercial fuesen enviados a guardar\ncuarentena preventiva por ser contactos estrechos de un caso positivo que viajo\ncon PCR Indeterminado que finalmente result\u00f3 positivo. <\/p>\n\n\n\n<p>\u201cJunto con lamentar lo sucedido\nhace una semana, quiero manifestar que existe preocupaci\u00f3n en la poblaci\u00f3n de Puerto\nWilliams ya que no es la primera vez que se deja embarcar a un pasajero sin PCR\nnegativo, por otro lado existe confusi\u00f3n en cuanto a lo que se considera\ncontacto estrecho en estos casos y tampoco se est\u00e1 exigiendo PCR para salir\u201d,\nplante\u00f3 Moncada. <\/p>\n\n\n\n<p>Seg\u00fan dijo el seremi (s), Puerto\nWilliams cuenta con una de las Barreras Sanitarias m\u00e1s importantes del pa\u00eds y esta\nsituaci\u00f3n radic\u00f3 en una mala &nbsp;decisi\u00f3n\ntomada por un funcionario, el cual consider\u00f3 que al tratarse de una madre que\nviajaba con PCR indeterminado junto a dos ni\u00f1os negativos, ella tambi\u00e9n ser\u00eda\nnegativo.&nbsp; \u201cAhora &nbsp;hemos indicado que eso no puede suceder y no\nhay excepciones\u201d, afirm\u00f3 Castillo. &nbsp;<\/p>\n\n\n\n<p>Por otro lado, inform\u00f3 que en\nel caso de un avi\u00f3n comercial que posee filtros especiales de aire, son\nconsiderados contactos estrechos los pasajeros que se ubican a una distancias\nde dos asientos en todos los sentidos \u201csin embargo los aviones que van a Puerto\nWilliams no cuentan con dichos filtros por tanto no hay certeza y queda todo el\navi\u00f3n en cuarentena\u201d. &nbsp;&nbsp;<\/p>\n\n\n\n<p>M\u00e1s adelante, el consejero de\nla provincia Tierra del Fuego, Manuel Lonc\u00f3n, plante\u00f3 su preocupaci\u00f3n ante los\nlargos viajes que deben enfrentar los pacientes del Hospital Cl\u00ednico que\nregresan a Porvenir, &nbsp;\u201cmuchas veces\nretornan por Primera Angostura y son m\u00e1s de trescientos kil\u00f3metros\u201d, manifest\u00f3.\n<\/p>\n\n\n\n<p>Seg\u00fan explic\u00f3 el seremi (s)\nCastillo, \u201cel regreso de pacientes depende del servicio de Salud, sin embargo ahora\nque Porvenir pas\u00f3 a fase cuatro la aerol\u00ednea aumentar\u00e1 los vuelos a esa\ncomuna\u201d. <\/p>\n\n\n\n<p>Finalmente el presidente del\nCORE, Tolentino Soto, destac\u00f3 la disposici\u00f3n del seremi (s) y reconoci\u00f3 los esfuerzos\nque se han hecho para lograr avanzar en el proceso de vacunaci\u00f3n \u201cquiero\nentregar a trav\u00e9s del seremi, &nbsp;los\nagradecimientos y felicitaciones al personal de Salud porque debemos reconocer\nque ha sido muy exitoso y dado a conocer de buena manera\u201d, concluy\u00f3. <\/p>\n","protected":false},"excerpt":{"rendered":"<p>Con el objetivo de actualizar informaci\u00f3n referida a la situaci\u00f3n epidemiol\u00f3gica en Magallanes y plantear inquietudes desde los distintos territorios, el Consejo Regional se reuni\u00f3 este lunes con el seremi&#8230; <a class=\"read-more\" href=\"https:\/\/www.radiopresidenteibanez.cl\/web\/consejeros-regionales-se-reunieron-con-seremi-de-salud-para-conocer-situacion-epidemiologica-en-magallanes-y-plantear-inquietudes\/\">Leer m\u00e1s<\/a><\/p>\n","protected":false},"author":2,"featured_media":740,"comment_status":"closed","ping_status":"closed","sticky":false,"template":"","format":"standard","meta":{"footnotes":""},"categories":[1],"tags":[],"class_list":["post-19498","post","type-post","status-publish","format-standard","has-post-thumbnail","hentry","category-cronica"],"_links":{"self":[{"href":"https:\/\/www.radiopresidenteibanez.cl\/web\/wp-json\/wp\/v2\/posts\/19498","targetHints":{"allow":["GET"]}}],"collection":[{"href":"https:\/\/www.radiopresidenteibanez.cl\/web\/wp-json\/wp\/v2\/posts"}],"about":[{"href":"https:\/\/www.radiopresidenteibanez.cl\/web\/wp-json\/wp\/v2\/types\/post"}],"author":[{"embeddable":true,"href":"https:\/\/www.radiopresidenteibanez.cl\/web\/wp-json\/wp\/v2\/users\/2"}],"replies":[{"embeddable":true,"href":"https:\/\/www.radiopresidenteibanez.cl\/web\/wp-json\/wp\/v2\/comments?post=19498"}],"version-history":[{"count":0,"href":"https:\/\/www.radiopresidenteibanez.cl\/web\/wp-json\/wp\/v2\/posts\/19498\/revisions"}],"wp:featuredmedia":[{"embeddable":true,"href":"https:\/\/www.radiopresidenteibanez.cl\/web\/wp-json\/wp\/v2\/media\/740"}],"wp:attachment":[{"href":"https:\/\/www.radiopresidenteibanez.cl\/web\/wp-json\/wp\/v2\/media?parent=19498"}],"wp:term":[{"taxonomy":"category","embeddable":true,"href":"https:\/\/www.radiopresidenteibanez.cl\/web\/wp-json\/wp\/v2\/categories?post=19498"},{"taxonomy":"post_tag","embeddable":true,"href":"https:\/\/www.radiopresidenteibanez.cl\/web\/wp-json\/wp\/v2\/tags?post=19498"}],"curies":[{"name":"wp","href":"https:\/\/api.w.org\/{rel}","templated":true}]}}