{"id":19493,"date":"2021-03-24T13:53:20","date_gmt":"2021-03-24T13:53:20","guid":{"rendered":"https:\/\/www.radiopresidenteibanez.cl\/web\/?p=19493"},"modified":"2021-03-24T13:53:25","modified_gmt":"2021-03-24T13:53:25","slug":"pdi-puerto-natales-continua-realizando-fiscalizaciones-en-el-cordon-sanitario-del-aerodromo-teniente-julio-gallardo","status":"publish","type":"post","link":"https:\/\/www.radiopresidenteibanez.cl\/web\/pdi-puerto-natales-continua-realizando-fiscalizaciones-en-el-cordon-sanitario-del-aerodromo-teniente-julio-gallardo\/","title":{"rendered":"PDI PUERTO NATALES CONTIN\u00daA REALIZANDO FISCALIZACIONES EN EL  CORD\u00d3N SANITARIO DEL AER\u00d3DROMO TENIENTE JULIO GALLARDO"},"content":{"rendered":"\n<p>En el marco de la pandemia, la PDI Magallanes ha\nredoblado sus esfuerzos para apoyar el trabajo de control, fiscalizaci\u00f3n y\nseguridad p\u00fablica sin dejar de lado su misi\u00f3n principal, la investigaci\u00f3n de\nlos delitos de alta complejidad y el control migratorio en la regi\u00f3n.<\/p>\n\n\n\n<p>Es as\u00ed que detectives del Departamento de Migraciones\ny Polic\u00eda Internacional de Puerto Natales, desde que comenz\u00f3 a operar el cord\u00f3n\nsanitario en el Aer\u00f3dromo Teniente Julio Gallardo, se sumaron al trabajo de\ncontrol de las medidas adoptadas por la autoridad sanitaria en coordinaci\u00f3n con\nel Jefe de la Defensa Nacional para la Regi\u00f3n de Magallanes, realizando -desde\ndiciembre a la fecha- la fiscalizaci\u00f3n de 21.890 personas que ingresaron o\nabandonaron la regi\u00f3n v\u00eda a\u00e9rea, a trav\u00e9s de la provincia de \u00daltima Esperanza.<\/p>\n\n\n\n<p>Adem\u00e1s de verificar el cumplimiento de las medidas\nsanitarias dispuestas para el ingreso a la regi\u00f3n y de las fiscalizaciones realizadas\na extranjeros residentes, detectives de Migraciones de Puerto Natales, han\nlogrado detectar a sujetos que se encontraban evadiendo el control de la\njusticia. En este contexto, durante la \u00faltima semana en el aer\u00f3dromo,\nmaterializaron la aprehensi\u00f3n de cinco sujetos: cuatro por \u00f3rdenes de detenci\u00f3n\nvigentes y uno por quebrantamiento de condena. <\/p>\n\n\n\n<p>El viernes reci\u00e9n pasado, los detectives lograron\ndetener a un sujeto de nacionalidad chilena de 44 a\u00f1os de edad, quien manten\u00eda\nun encargo vigente por quebrantamiento de condena, desde la ciudad de Ca\u00f1ete,\npor los delitos de robo de bienes nacionales de uso p\u00fablico, porte de armas y\nreceptaci\u00f3n, quien fue puesto a disposici\u00f3n del Juzgado de Letras y Garant\u00eda de\nNatales. <\/p>\n\n\n\n<p>Al respecto, el jefe (S) del Departamento de\nMigraciones de Puerto Natales, subcomisario Hugo Bruna, se\u00f1al\u00f3 que \u201cseguiremos\nrealizando fiscalizaciones en el Aer\u00f3dromo Teniente Julio Gallardo y en\ndistintos puntos de la ciudad, con el fin de verificar que los extranjeros\nresidentes est\u00e9n cumpliendo con lo establecido en la Ley de Extranjer\u00eda y que\nlos pasajeros que lleguen a la zona, cumplan con las medidas que ha establecido\nla autoridad sanitaria para el control de la pandemia\u201d.&nbsp; <\/p>\n","protected":false},"excerpt":{"rendered":"<p>En el marco de la pandemia, la PDI Magallanes ha redoblado sus esfuerzos para apoyar el trabajo de control, fiscalizaci\u00f3n y seguridad p\u00fablica sin dejar de lado su misi\u00f3n principal,&#8230; <a class=\"read-more\" href=\"https:\/\/www.radiopresidenteibanez.cl\/web\/pdi-puerto-natales-continua-realizando-fiscalizaciones-en-el-cordon-sanitario-del-aerodromo-teniente-julio-gallardo\/\">Leer m\u00e1s<\/a><\/p>\n","protected":false},"author":2,"featured_media":19494,"comment_status":"closed","ping_status":"closed","sticky":false,"template":"","format":"standard","meta":{"footnotes":""},"categories":[1],"tags":[],"class_list":["post-19493","post","type-post","status-publish","format-standard","has-post-thumbnail","hentry","category-cronica"],"_links":{"self":[{"href":"https:\/\/www.radiopresidenteibanez.cl\/web\/wp-json\/wp\/v2\/posts\/19493","targetHints":{"allow":["GET"]}}],"collection":[{"href":"https:\/\/www.radiopresidenteibanez.cl\/web\/wp-json\/wp\/v2\/posts"}],"about":[{"href":"https:\/\/www.radiopresidenteibanez.cl\/web\/wp-json\/wp\/v2\/types\/post"}],"author":[{"embeddable":true,"href":"https:\/\/www.radiopresidenteibanez.cl\/web\/wp-json\/wp\/v2\/users\/2"}],"replies":[{"embeddable":true,"href":"https:\/\/www.radiopresidenteibanez.cl\/web\/wp-json\/wp\/v2\/comments?post=19493"}],"version-history":[{"count":0,"href":"https:\/\/www.radiopresidenteibanez.cl\/web\/wp-json\/wp\/v2\/posts\/19493\/revisions"}],"wp:featuredmedia":[{"embeddable":true,"href":"https:\/\/www.radiopresidenteibanez.cl\/web\/wp-json\/wp\/v2\/media\/19494"}],"wp:attachment":[{"href":"https:\/\/www.radiopresidenteibanez.cl\/web\/wp-json\/wp\/v2\/media?parent=19493"}],"wp:term":[{"taxonomy":"category","embeddable":true,"href":"https:\/\/www.radiopresidenteibanez.cl\/web\/wp-json\/wp\/v2\/categories?post=19493"},{"taxonomy":"post_tag","embeddable":true,"href":"https:\/\/www.radiopresidenteibanez.cl\/web\/wp-json\/wp\/v2\/tags?post=19493"}],"curies":[{"name":"wp","href":"https:\/\/api.w.org\/{rel}","templated":true}]}}