{"id":19490,"date":"2021-03-24T13:48:56","date_gmt":"2021-03-24T13:48:56","guid":{"rendered":"https:\/\/www.radiopresidenteibanez.cl\/web\/?p=19490"},"modified":"2021-03-24T13:49:01","modified_gmt":"2021-03-24T13:49:01","slug":"candidata-a-concejala-silvia-villegas-munoz-es-urgente-generar-estrategias-y-lineas-de-accion-que-propicien-una-presencia-mas-permanente-en-los-diversos-territorios-que-integran-la-comuna","status":"publish","type":"post","link":"https:\/\/www.radiopresidenteibanez.cl\/web\/candidata-a-concejala-silvia-villegas-munoz-es-urgente-generar-estrategias-y-lineas-de-accion-que-propicien-una-presencia-mas-permanente-en-los-diversos-territorios-que-integran-la-comuna\/","title":{"rendered":"CANDIDATA A CONCEJALA SILVIA VILLEGAS MU\u00d1OZ: \u201cES URGENTE GENERAR ESTRATEGIAS Y L\u00cdNEAS DE ACCI\u00d3N QUE PROPICIEN UNA PRESENCIA M\u00c1S PERMANENTE EN LOS DIVERSOS TERRITORIOS QUE INTEGRAN LA COMUNA\u201d"},"content":{"rendered":"\n<p>Silvia Villegas Mu\u00f1oz, Trabajadora Social y una de las candidatas a\nconcejala por Punta Arenas, est\u00e1 convencida de que es urgente insistir en generar\nestrategias y l\u00edneas de acci\u00f3n que propicien una presencia m\u00e1s permanente, en\nlos diversos territorios que integran la comuna, de los servicios y programas\nque se ejecutan desde el municipio y que afectan directamente el bienestar de\nmujeres, adultos mayores, personas en situaci\u00f3n de discapacidad, infancia y\nadolescencia y otros que pudiesen requerir apoyos m\u00e1s espec\u00edficos.<\/p>\n\n\n\n<p>Explica que desde sus primeros trabajos de voluntariado y posteriormente en\nsu proceso formativo y de ejercicio profesional, se ha vinculado con diversos\ntemas de importancia social, entre los cuales destaca como especialmente\nsignificativos: g\u00e9nero, infancia-adolescencia, personas en situaci\u00f3n de\ndiscapacidad y adultos mayores.<\/p>\n\n\n\n<p>\u201cEn mi experiencia laboral he podido darme cuenta de la ausencia de los servicios municipales en \u00e1mbitos que son sensibles y prioritarios para quienes habitamos la comuna. Esto genera que, adem\u00e1s, de ser una respuesta descoordinada y poco integral desde lo p\u00fablico, es ineficiente. Si desde la Municipalidad se pudiera articular mejor la red de servicios sociales, podr\u00edamos llegar de manera m\u00e1s oportuna y satisfactoria\u201d, manifiesta.<\/p>\n\n\n\n<p>Esta postulante naci\u00f3 en Punta Arenas, pero, antes de cumplir un a\u00f1o su\nfamilia se fue, por razones laborales, a la Isla de Tierra del Fuego,\nregresando cuando ya ten\u00eda ocho a\u00f1os. Curs\u00f3 su ense\u00f1anza b\u00e1sica en la Escuela\nJuan Williams y el Liceo Mar\u00eda Auxiliadora y su ense\u00f1anza media en el Liceo\nSara Braun y el Liceo Juan Bautista Contardi. Estudi\u00f3 Relaciones P\u00fablicas en el\nInstituto Santo Tom\u00e1s de Punta Arenas y Vi\u00f1a del Mar, pero su t\u00edtulo profesional\nde Trabajo Social, lo obtuvo en la Universidad de Magallanes (UMAG).<\/p>\n\n\n\n<p>Villegas Mu\u00f1oz comenta que la semana pasada, a menos de un mes del acto\neleccionario, se inform\u00f3 el lugar que ocupar\u00e1 en la papeleta, \u201cZU-357, Lista\nRadicales e Independientes\u201d, situaci\u00f3n que resulta molesta, porque reduce el\ntiempo para informar a los votantes d\u00f3nde hacer marca.<\/p>\n","protected":false},"excerpt":{"rendered":"<p>Silvia Villegas Mu\u00f1oz, Trabajadora Social y una de las candidatas a concejala por Punta Arenas, est\u00e1 convencida de que es urgente insistir en generar estrategias y l\u00edneas de acci\u00f3n que&#8230; <a class=\"read-more\" href=\"https:\/\/www.radiopresidenteibanez.cl\/web\/candidata-a-concejala-silvia-villegas-munoz-es-urgente-generar-estrategias-y-lineas-de-accion-que-propicien-una-presencia-mas-permanente-en-los-diversos-territorios-que-integran-la-comuna\/\">Leer m\u00e1s<\/a><\/p>\n","protected":false},"author":2,"featured_media":19491,"comment_status":"closed","ping_status":"closed","sticky":false,"template":"","format":"standard","meta":{"footnotes":""},"categories":[1],"tags":[],"class_list":["post-19490","post","type-post","status-publish","format-standard","has-post-thumbnail","hentry","category-cronica"],"_links":{"self":[{"href":"https:\/\/www.radiopresidenteibanez.cl\/web\/wp-json\/wp\/v2\/posts\/19490","targetHints":{"allow":["GET"]}}],"collection":[{"href":"https:\/\/www.radiopresidenteibanez.cl\/web\/wp-json\/wp\/v2\/posts"}],"about":[{"href":"https:\/\/www.radiopresidenteibanez.cl\/web\/wp-json\/wp\/v2\/types\/post"}],"author":[{"embeddable":true,"href":"https:\/\/www.radiopresidenteibanez.cl\/web\/wp-json\/wp\/v2\/users\/2"}],"replies":[{"embeddable":true,"href":"https:\/\/www.radiopresidenteibanez.cl\/web\/wp-json\/wp\/v2\/comments?post=19490"}],"version-history":[{"count":0,"href":"https:\/\/www.radiopresidenteibanez.cl\/web\/wp-json\/wp\/v2\/posts\/19490\/revisions"}],"wp:featuredmedia":[{"embeddable":true,"href":"https:\/\/www.radiopresidenteibanez.cl\/web\/wp-json\/wp\/v2\/media\/19491"}],"wp:attachment":[{"href":"https:\/\/www.radiopresidenteibanez.cl\/web\/wp-json\/wp\/v2\/media?parent=19490"}],"wp:term":[{"taxonomy":"category","embeddable":true,"href":"https:\/\/www.radiopresidenteibanez.cl\/web\/wp-json\/wp\/v2\/categories?post=19490"},{"taxonomy":"post_tag","embeddable":true,"href":"https:\/\/www.radiopresidenteibanez.cl\/web\/wp-json\/wp\/v2\/tags?post=19490"}],"curies":[{"name":"wp","href":"https:\/\/api.w.org\/{rel}","templated":true}]}}