{"id":19487,"date":"2021-03-24T13:44:10","date_gmt":"2021-03-24T13:44:10","guid":{"rendered":"https:\/\/www.radiopresidenteibanez.cl\/web\/?p=19487"},"modified":"2021-03-24T13:44:16","modified_gmt":"2021-03-24T13:44:16","slug":"trabajadores-de-estacionamientos-se-reunen-con-conejal-arturo-diaz-para-denunciar-despidos-arbitrarios-y-maltratos","status":"publish","type":"post","link":"https:\/\/www.radiopresidenteibanez.cl\/web\/trabajadores-de-estacionamientos-se-reunen-con-conejal-arturo-diaz-para-denunciar-despidos-arbitrarios-y-maltratos\/","title":{"rendered":"TRABAJADORES DE ESTACIONAMIENTOS SE RE\u00daNEN CON CONEJAL ARTURO D\u00cdAZ PARA DENUNCIAR DESPIDOS ARBITRARIOS Y MALTRATOS"},"content":{"rendered":"\n<p>En febrero de este a\u00f1o se retom\u00f3 el cobro de estacionamientos en la ciudad de Punta Arenas, esta vez a cargo de la empresa Concesionaria Punta Arenas Spa&nbsp; \u2014que se adjudic\u00f3 la licitaci\u00f3n y firm\u00f3 el contrato\u2014 luego de 10 meses sin tener este servicio. La empresa comenz\u00f3 sus labores con un total de 53 operadores.<\/p>\n\n\n\n<p>A casi un mes del inicio de las operaciones de esta empresa, quienes prometieron una alternativa para ordenar los estacionamientos de la ciudad y entregar condiciones dignas a sus trabajadores y trabajadoras, hoy ya lleva nueve despidos. Las y los operadores denuncian tratos arbitrarios y maltrato laboral, especialmente hacia mujeres.<\/p>\n\n\n\n<p>La ma\u00f1ana de este martes, Arturo D\u00edaz, concejal de la ciudad, se reuni\u00f3 con representantes de las y los trabajadores de Concesionaria Punta Arenas Spa para exponer la situaci\u00f3n y encontrar una soluci\u00f3n r\u00e1pida y contundente a este conflicto.<\/p>\n\n\n\n<p>A ra\u00edz de esto, D\u00edaz indic\u00f3 que \u201cno podemos permitir el maltrato de trabajadores y menos cuando \u00e9stos dependen de la Municipalidad. En mi rol de concejal me pongo del lado de las y los trabajadores y vamos a llegar hasta las \u00faltimas consecuencias para asegurarnos que la empresa cumpla como corresponde el cuidado de sus operadores. El municipio no puede ser c\u00f3mplice de estos abusos\u201d, coment\u00f3.<\/p>\n\n\n\n<p>Al salir de la reuni\u00f3n, los trabajadores comentaron que hasta el momento el alcalde de Punta Arenas \u2014ejecutor de esta licitaci\u00f3n\u2014 se ha desentendido del problema. Arturo D\u00edaz se comprometi\u00f3 adem\u00e1s, a hacer el nexo con la Asociaci\u00f3n de Abogadas Feministas, Abofem Magallanes, para que los trabajadores tengan la asesor\u00eda legal que necesitan.<\/p>\n","protected":false},"excerpt":{"rendered":"<p>En febrero de este a\u00f1o se retom\u00f3 el cobro de estacionamientos en la ciudad de Punta Arenas, esta vez a cargo de la empresa Concesionaria Punta Arenas Spa&nbsp; \u2014que se&#8230; <a class=\"read-more\" href=\"https:\/\/www.radiopresidenteibanez.cl\/web\/trabajadores-de-estacionamientos-se-reunen-con-conejal-arturo-diaz-para-denunciar-despidos-arbitrarios-y-maltratos\/\">Leer m\u00e1s<\/a><\/p>\n","protected":false},"author":2,"featured_media":19488,"comment_status":"closed","ping_status":"closed","sticky":false,"template":"","format":"standard","meta":{"footnotes":""},"categories":[1],"tags":[],"class_list":["post-19487","post","type-post","status-publish","format-standard","has-post-thumbnail","hentry","category-cronica"],"_links":{"self":[{"href":"https:\/\/www.radiopresidenteibanez.cl\/web\/wp-json\/wp\/v2\/posts\/19487","targetHints":{"allow":["GET"]}}],"collection":[{"href":"https:\/\/www.radiopresidenteibanez.cl\/web\/wp-json\/wp\/v2\/posts"}],"about":[{"href":"https:\/\/www.radiopresidenteibanez.cl\/web\/wp-json\/wp\/v2\/types\/post"}],"author":[{"embeddable":true,"href":"https:\/\/www.radiopresidenteibanez.cl\/web\/wp-json\/wp\/v2\/users\/2"}],"replies":[{"embeddable":true,"href":"https:\/\/www.radiopresidenteibanez.cl\/web\/wp-json\/wp\/v2\/comments?post=19487"}],"version-history":[{"count":0,"href":"https:\/\/www.radiopresidenteibanez.cl\/web\/wp-json\/wp\/v2\/posts\/19487\/revisions"}],"wp:featuredmedia":[{"embeddable":true,"href":"https:\/\/www.radiopresidenteibanez.cl\/web\/wp-json\/wp\/v2\/media\/19488"}],"wp:attachment":[{"href":"https:\/\/www.radiopresidenteibanez.cl\/web\/wp-json\/wp\/v2\/media?parent=19487"}],"wp:term":[{"taxonomy":"category","embeddable":true,"href":"https:\/\/www.radiopresidenteibanez.cl\/web\/wp-json\/wp\/v2\/categories?post=19487"},{"taxonomy":"post_tag","embeddable":true,"href":"https:\/\/www.radiopresidenteibanez.cl\/web\/wp-json\/wp\/v2\/tags?post=19487"}],"curies":[{"name":"wp","href":"https:\/\/api.w.org\/{rel}","templated":true}]}}