{"id":19483,"date":"2021-03-24T02:45:00","date_gmt":"2021-03-24T02:45:00","guid":{"rendered":"https:\/\/www.radiopresidenteibanez.cl\/web\/?p=19483"},"modified":"2021-03-23T18:22:58","modified_gmt":"2021-03-23T18:22:58","slug":"candidata-a-constituyente-karin-escarate-el-estado-y-sus-organos-deben-estar-al-servicio-de-cada-una-de-las-personas","status":"publish","type":"post","link":"https:\/\/www.radiopresidenteibanez.cl\/web\/candidata-a-constituyente-karin-escarate-el-estado-y-sus-organos-deben-estar-al-servicio-de-cada-una-de-las-personas\/","title":{"rendered":"CANDIDATA A CONSTITUYENTE KARIN ESC\u00c1RATE: \u201cEL ESTADO Y SUS \u00d3RGANOS DEBEN ESTAR AL SERVICIO DE CADA UNA DE LAS PERSONAS\u201d"},"content":{"rendered":"\n<p>Con el prop\u00f3sito de aportar al\nproceso constituyente con una mirada sist\u00e9mica y multidimensional, trabajando\nde forma responsable, transparente y basada en el respeto por y con todas las\npersonas, Karin Isabel Esc\u00e1rate Fica, es una de las candidatas por el Distrito\n28, que agrupa a las 11 comunas de Magallanes.<\/p>\n\n\n\n<p>Patagona de nacimiento y\ncrianza, proviene de una familia de pioneros de la XI Regi\u00f3n, madre de un\nadolescente de 14 a\u00f1os, curs\u00f3 sus estudios b\u00e1sicos en la Escuela B-3 de Chile\nChico y en la Escuela D-17 de Punta Arenas y los medios en el Liceo Juan\nBautista Contardi. Es abogada de la Universidad de Chile y cuenta con\nespecializaciones en derecho p\u00fablico, medio ambiente, gesti\u00f3n sindical, g\u00e9nero\ny diversidad, entre otros.<\/p>\n\n\n\n<p>\u201cEn el \u00e1mbito profesional me\nhe desempe\u00f1ado principalmente en el sector p\u00fablico. Adem\u00e1s, desde hace cinco\na\u00f1os soy dirigente sindical, detentando en mi primer periodo el cargo de\npresidenta del Sindicato de Trabajadores Profesionales de ENAP Magallanes\u201d,\npuntualiza.<\/p>\n\n\n\n<p>A\u00f1ade que \u201cfui directora nacional\nde una federaci\u00f3n y representante en el Consejo Laboral de Empresas P\u00fablicas y formo\nparte de una fundaci\u00f3n que trabaja en materia de identidad de g\u00e9nero,\ndiversidad y protecci\u00f3n de infancia y adolescencia diversa desde hace m\u00e1s de dos\na\u00f1os\u201d.<\/p>\n\n\n\n<p>Sobre su motivaci\u00f3n al cargo,\nse\u00f1ala que pretende contribuir a estructurar las bases org\u00e1nicas, ideol\u00f3gicas y\npol\u00edticas que, consensuadas de forma colectiva, permitir\u00e1n a quienes habitemos\neste territorio, alcanzar el m\u00e1ximo de su desarrollo personal y social.<\/p>\n\n\n\n<p>\u201cEl Estado y sus \u00f3rganos deben\nestar al servicio de cada una de las personas, siendo prioritario que se\nreconozcan los derechos sexuales y reproductivos, y se garantice y promueva su\npleno ejercicio\u201d, puntualiza.<\/p>\n\n\n\n<p>Esc\u00e1rate\nFica hizo un llamado a los residentes de esta austral zona a acudir a las urnas\nel 10 y 11 de abril para as\u00ed trabajar juntos, de forma responsable, transparente y basada en el\nrespeto por y con todas las personas, recordando tomar todas las medidas por la\nemergencia sanitaria por el Covid-19.<\/p>\n","protected":false},"excerpt":{"rendered":"<p>Con el prop\u00f3sito de aportar al proceso constituyente con una mirada sist\u00e9mica y multidimensional, trabajando de forma responsable, transparente y basada en el respeto por y con todas las personas,&#8230; <a class=\"read-more\" href=\"https:\/\/www.radiopresidenteibanez.cl\/web\/candidata-a-constituyente-karin-escarate-el-estado-y-sus-organos-deben-estar-al-servicio-de-cada-una-de-las-personas\/\">Leer m\u00e1s<\/a><\/p>\n","protected":false},"author":2,"featured_media":19484,"comment_status":"closed","ping_status":"closed","sticky":false,"template":"","format":"standard","meta":{"footnotes":""},"categories":[1],"tags":[],"class_list":["post-19483","post","type-post","status-publish","format-standard","has-post-thumbnail","hentry","category-cronica"],"_links":{"self":[{"href":"https:\/\/www.radiopresidenteibanez.cl\/web\/wp-json\/wp\/v2\/posts\/19483","targetHints":{"allow":["GET"]}}],"collection":[{"href":"https:\/\/www.radiopresidenteibanez.cl\/web\/wp-json\/wp\/v2\/posts"}],"about":[{"href":"https:\/\/www.radiopresidenteibanez.cl\/web\/wp-json\/wp\/v2\/types\/post"}],"author":[{"embeddable":true,"href":"https:\/\/www.radiopresidenteibanez.cl\/web\/wp-json\/wp\/v2\/users\/2"}],"replies":[{"embeddable":true,"href":"https:\/\/www.radiopresidenteibanez.cl\/web\/wp-json\/wp\/v2\/comments?post=19483"}],"version-history":[{"count":0,"href":"https:\/\/www.radiopresidenteibanez.cl\/web\/wp-json\/wp\/v2\/posts\/19483\/revisions"}],"wp:featuredmedia":[{"embeddable":true,"href":"https:\/\/www.radiopresidenteibanez.cl\/web\/wp-json\/wp\/v2\/media\/19484"}],"wp:attachment":[{"href":"https:\/\/www.radiopresidenteibanez.cl\/web\/wp-json\/wp\/v2\/media?parent=19483"}],"wp:term":[{"taxonomy":"category","embeddable":true,"href":"https:\/\/www.radiopresidenteibanez.cl\/web\/wp-json\/wp\/v2\/categories?post=19483"},{"taxonomy":"post_tag","embeddable":true,"href":"https:\/\/www.radiopresidenteibanez.cl\/web\/wp-json\/wp\/v2\/tags?post=19483"}],"curies":[{"name":"wp","href":"https:\/\/api.w.org\/{rel}","templated":true}]}}