{"id":19480,"date":"2021-03-24T02:30:00","date_gmt":"2021-03-24T02:30:00","guid":{"rendered":"https:\/\/www.radiopresidenteibanez.cl\/web\/?p=19480"},"modified":"2021-03-23T18:18:25","modified_gmt":"2021-03-23T18:18:25","slug":"gobernadora-ericka-farias-entrega-kits-de-sanitizacion-en-villa-dorotea","status":"publish","type":"post","link":"https:\/\/www.radiopresidenteibanez.cl\/web\/gobernadora-ericka-farias-entrega-kits-de-sanitizacion-en-villa-dorotea\/","title":{"rendered":"GOBERNADORA ERICKA FAR\u00cdAS ENTREGA KITS DE SANITIZACI\u00d3N EN VILLA DOROTEA"},"content":{"rendered":"\n<p>Hasta\nla localidad de Villa Dorotea, lleg\u00f3 la gobernadora Ericka Far\u00edas para hacer\nentrega a domicilio de kits de sanitizaci\u00f3n, consistentes en \u00fatiles de aseo,\nalcohol gel, mascarillas, guantes, etc. a la comunidad residente en esta zona\nde Natales. Lo anterior con el fin de reforzar el nivel de seguridad de los\nhabitantes, entendiendo que en los \u00faltimos d\u00edas la provincia ha manifestado una\nbaja en los casos reportados de covid-19.<\/p>\n\n\n\n<p>Estos\nkits de sanitizaci\u00f3n del hogar fueron destinados a diez familias de Villa\nDorotea que cuentan con acreditaci\u00f3n ind\u00edgena y que el a\u00f1o 2020 solicitaron este\napoyo a la Oficina PIDI-Conadi, ayuda social que se enmarca dentro del convenio\n\u201cApoyo para actividades participativas, sociales y de fomento productivo para\nla poblaci\u00f3n ind\u00edgena de la provincia de \u00daltima Esperanza\u201d, a\u00f1o 2020.<\/p>\n\n\n\n<p>Ante la\nrealizaci\u00f3n de esta jornada, la gobernadora Ericka Far\u00edas coment\u00f3 \u201ccomo\nGobernaci\u00f3n estuvimos en Villa Dorotea haciendo entrega de los kits de\nsanitizaci\u00f3n que se ejecutan con el Programa Social de Conadi, los que sin duda\nser\u00e1n de gran ayuda para los vecinos\u201d.<\/p>\n\n\n\n<p>Asimismo,\nla autoridad provincial resalt\u00f3 el hecho de poder conocer de cerca la manera en\nque los habitantes han sobrellevado este proceso, \u201ctuvimos la oportunidad de\nconversar con los vecinos acerca del avance a Fase 3, y de c\u00f3mo han vivido\nellos todo este per\u00edodo de pandemia, as\u00ed que nos vamos muy contentos, ya que\npudimos apreciar que se est\u00e1n tomando las medidas de seguridad correspondientes\npara la contenci\u00f3n de la pandemia\u201d.<\/p>\n\n\n\n<p>De esta\nmanera, luego de un extenso recorrido por Villa Dorotea, se hizo entrega de\ntodo el material de sanitizaci\u00f3n y prevenci\u00f3n ante el coronavirus destinado a\nesta localidad.<\/p>\n","protected":false},"excerpt":{"rendered":"<p>Hasta la localidad de Villa Dorotea, lleg\u00f3 la gobernadora Ericka Far\u00edas para hacer entrega a domicilio de kits de sanitizaci\u00f3n, consistentes en \u00fatiles de aseo, alcohol gel, mascarillas, guantes, etc&#8230;. <a class=\"read-more\" href=\"https:\/\/www.radiopresidenteibanez.cl\/web\/gobernadora-ericka-farias-entrega-kits-de-sanitizacion-en-villa-dorotea\/\">Leer m\u00e1s<\/a><\/p>\n","protected":false},"author":2,"featured_media":19481,"comment_status":"closed","ping_status":"closed","sticky":false,"template":"","format":"standard","meta":{"footnotes":""},"categories":[1],"tags":[],"class_list":["post-19480","post","type-post","status-publish","format-standard","has-post-thumbnail","hentry","category-cronica"],"_links":{"self":[{"href":"https:\/\/www.radiopresidenteibanez.cl\/web\/wp-json\/wp\/v2\/posts\/19480","targetHints":{"allow":["GET"]}}],"collection":[{"href":"https:\/\/www.radiopresidenteibanez.cl\/web\/wp-json\/wp\/v2\/posts"}],"about":[{"href":"https:\/\/www.radiopresidenteibanez.cl\/web\/wp-json\/wp\/v2\/types\/post"}],"author":[{"embeddable":true,"href":"https:\/\/www.radiopresidenteibanez.cl\/web\/wp-json\/wp\/v2\/users\/2"}],"replies":[{"embeddable":true,"href":"https:\/\/www.radiopresidenteibanez.cl\/web\/wp-json\/wp\/v2\/comments?post=19480"}],"version-history":[{"count":0,"href":"https:\/\/www.radiopresidenteibanez.cl\/web\/wp-json\/wp\/v2\/posts\/19480\/revisions"}],"wp:featuredmedia":[{"embeddable":true,"href":"https:\/\/www.radiopresidenteibanez.cl\/web\/wp-json\/wp\/v2\/media\/19481"}],"wp:attachment":[{"href":"https:\/\/www.radiopresidenteibanez.cl\/web\/wp-json\/wp\/v2\/media?parent=19480"}],"wp:term":[{"taxonomy":"category","embeddable":true,"href":"https:\/\/www.radiopresidenteibanez.cl\/web\/wp-json\/wp\/v2\/categories?post=19480"},{"taxonomy":"post_tag","embeddable":true,"href":"https:\/\/www.radiopresidenteibanez.cl\/web\/wp-json\/wp\/v2\/tags?post=19480"}],"curies":[{"name":"wp","href":"https:\/\/api.w.org\/{rel}","templated":true}]}}