{"id":19478,"date":"2021-03-24T02:15:00","date_gmt":"2021-03-24T02:15:00","guid":{"rendered":"https:\/\/www.radiopresidenteibanez.cl\/web\/?p=19478"},"modified":"2021-03-23T18:14:40","modified_gmt":"2021-03-23T18:14:40","slug":"multigremial-magallanes-el-anuncio-del-gobierno-es-insuficiente-y-no-ataca-el-problema-de-fondo-las-mipymes-no-necesitan-mas-deuda-necesitan-subsidios","status":"publish","type":"post","link":"https:\/\/www.radiopresidenteibanez.cl\/web\/multigremial-magallanes-el-anuncio-del-gobierno-es-insuficiente-y-no-ataca-el-problema-de-fondo-las-mipymes-no-necesitan-mas-deuda-necesitan-subsidios\/","title":{"rendered":"MULTIGREMIAL MAGALLANES: \u201cEL ANUNCIO DEL GOBIERNO ES INSUFICIENTE Y NO ATACA EL PROBLEMA DE FONDO; LAS MIPYMES NO NECESITAN M\u00c1S DEUDA NECESITAN SUBSIDIOS\u201d"},"content":{"rendered":"\n<p>Tras los anuncios del Gobierno para enfrentar la crisis sanitaria, la asociaci\u00f3n gremial manifest\u00f3 que los recursos destinados a las pymes son absolutamente insuficientes y no son un subsidio o una inyecci\u00f3n de capital directo que les permita afrontar la actual crisis econ\u00f3mica por la que atraviesan.<\/p>\n\n\n\n<p>Alejandro Riquelme, presidente de la Multigremial Magallanes indic\u00f3 que valora el esfuerzo que hace el gobierno. Sin embargo, se esperaba un mayor apoyo a las MiPymes a trav\u00e9s de subsidios concretos. \u201cLo que se requiere es una inyecci\u00f3n de recursos frescos a las micro y peque\u00f1as empresas que a estas alturas de la pandemia est\u00e1n pr\u00e1cticamente quebradas\u201d, revel\u00f3<\/p>\n\n\n\n<p>El l\u00edder gremial indic\u00f3 que los U$200 millones, adem\u00e1s de ser insuficientes no son subsidios propiamente tal, ya que no queda claro cu\u00e1ntos millones de ese monto van directamente al bolsillo de los emprendedores que requieren liquidez urgente.<\/p>\n\n\n\n<p>Los anuncios enfocados en la extensi\u00f3n del seguro de cesant\u00eda, el subsidio de formalizaci\u00f3n del empleo y la extensi\u00f3n del subsidio protege no son un traspaso directo a la caja de los emprendedores indicaron desde la asociaci\u00f3n gremial. \u201cEstos anuncios no son a las Pymes, son para la protecci\u00f3n al empleo. Sin embargo, los incluyen dentro de este gran fondo, lo que es bastante confuso\u201d, indic\u00f3.<\/p>\n\n\n\n<p>\u201cHacemos un llamado a la Banca para que eval\u00fae postergar cuotas al igual que BancoEstado y lograr generar una ayuda concreta que vaya en directo beneficio de miles de mipymes y emprendedores que est\u00e1n quebrando\u201d, se\u00f1al\u00f3 el presidente de la Multigremial Magallanes, Alejandro Riquelme.&nbsp;<br><\/p>\n","protected":false},"excerpt":{"rendered":"<p>Tras los anuncios del Gobierno para enfrentar la crisis sanitaria, la asociaci\u00f3n gremial manifest\u00f3 que los recursos destinados a las pymes son absolutamente insuficientes y no son un subsidio o&#8230; <a class=\"read-more\" href=\"https:\/\/www.radiopresidenteibanez.cl\/web\/multigremial-magallanes-el-anuncio-del-gobierno-es-insuficiente-y-no-ataca-el-problema-de-fondo-las-mipymes-no-necesitan-mas-deuda-necesitan-subsidios\/\">Leer m\u00e1s<\/a><\/p>\n","protected":false},"author":2,"featured_media":740,"comment_status":"closed","ping_status":"closed","sticky":false,"template":"","format":"standard","meta":{"footnotes":""},"categories":[1],"tags":[],"class_list":["post-19478","post","type-post","status-publish","format-standard","has-post-thumbnail","hentry","category-cronica"],"_links":{"self":[{"href":"https:\/\/www.radiopresidenteibanez.cl\/web\/wp-json\/wp\/v2\/posts\/19478","targetHints":{"allow":["GET"]}}],"collection":[{"href":"https:\/\/www.radiopresidenteibanez.cl\/web\/wp-json\/wp\/v2\/posts"}],"about":[{"href":"https:\/\/www.radiopresidenteibanez.cl\/web\/wp-json\/wp\/v2\/types\/post"}],"author":[{"embeddable":true,"href":"https:\/\/www.radiopresidenteibanez.cl\/web\/wp-json\/wp\/v2\/users\/2"}],"replies":[{"embeddable":true,"href":"https:\/\/www.radiopresidenteibanez.cl\/web\/wp-json\/wp\/v2\/comments?post=19478"}],"version-history":[{"count":0,"href":"https:\/\/www.radiopresidenteibanez.cl\/web\/wp-json\/wp\/v2\/posts\/19478\/revisions"}],"wp:featuredmedia":[{"embeddable":true,"href":"https:\/\/www.radiopresidenteibanez.cl\/web\/wp-json\/wp\/v2\/media\/740"}],"wp:attachment":[{"href":"https:\/\/www.radiopresidenteibanez.cl\/web\/wp-json\/wp\/v2\/media?parent=19478"}],"wp:term":[{"taxonomy":"category","embeddable":true,"href":"https:\/\/www.radiopresidenteibanez.cl\/web\/wp-json\/wp\/v2\/categories?post=19478"},{"taxonomy":"post_tag","embeddable":true,"href":"https:\/\/www.radiopresidenteibanez.cl\/web\/wp-json\/wp\/v2\/tags?post=19478"}],"curies":[{"name":"wp","href":"https:\/\/api.w.org\/{rel}","templated":true}]}}