{"id":19475,"date":"2021-03-24T02:00:00","date_gmt":"2021-03-24T02:00:00","guid":{"rendered":"https:\/\/www.radiopresidenteibanez.cl\/web\/?p=19475"},"modified":"2021-03-23T18:12:06","modified_gmt":"2021-03-23T18:12:06","slug":"gobierno-lanza-campana-cortalacadena-contra-el-ciberacoso","status":"publish","type":"post","link":"https:\/\/www.radiopresidenteibanez.cl\/web\/gobierno-lanza-campana-cortalacadena-contra-el-ciberacoso\/","title":{"rendered":"GOBIERNO LANZA CAMPA\u00d1A #CORTALACADENA CONTRA EL CIBERACOSO"},"content":{"rendered":"\n<p>El Vocero de Gobierno,\nJaime Bellolio, junto a la Fundaci\u00f3n Katy Summer,\nlanzaron esta ma\u00f1ana la campa\u00f1a contra el Ciberacoso \u201cCorta la Cadena\u201d y\npresentaron los resultados del Estudio Nacional sobre Ciberacoso en Pandemia.<\/p>\n\n\n\n<p>Esta\niniciativa \u2013impulsada por el Ministerio Secretar\u00eda General de Gobierno- tuvo\ncomo objetivo recoger antecedentes sobre posibles relaciones entre ciberacoso, tendencias depresivas y patrones\nde uso de redes sociales entre adolescentes y j\u00f3venes de 15 a 29 a\u00f1os a\nlo largo de todo el pa\u00eds. Para esto,\nse aplic\u00f3 una encuesta v\u00eda digital a una muestra probabil\u00edstica integrada por\n2.370 personas. El error\nmuestral estimado es de 1,95%.<\/p>\n\n\n\n<p>Los\nresultados arrojaron que un 49% de los participantes reconocieron haber sido\nacosados virtualmente al menos una\nvez en los \u00faltimos tres meses. De ellos, un 88% declar\u00f3 haber sido amenazados por internet o redes\nsociales al menos una vez dentro\ndel mismo per\u00edodo de tiempo.<\/p>\n\n\n\n<p>Respecto\na los ciberacosadores, el 18% de la poblaci\u00f3n de adolescentes y j\u00f3venes\nconfirm\u00f3 que ha acosado en los\n\u00faltimos tres meses una vez o m\u00e1s. De ellos, el 73% son hombres. Adem\u00e1s, el 44% de este segmento de la poblaci\u00f3n\npresentaba sintomatolog\u00eda indicativa de un trastorno depresivo mayor al momento\nde ser aplicada la encuesta.<\/p>\n\n\n\n<p>Al\nser consultados los ciberacosados sobre sus reacciones frente a esta pr\u00e1ctica,\nun 42% prefiere ignorar lo que est\u00e1\npasando. Le siguen las opciones \u201cDecirle que se detuviera por el mismo medio\u201d con un 27% y \u201chacerme da\u00f1o\u201d con un 27%.\nEsta \u00faltima opci\u00f3n es indicada como reacci\u00f3n por el 47% de los ciberacosados entre\n15 y 19 a\u00f1os. Mientras\nque pedir ayuda a terceras\npersonas es una opci\u00f3n\ninfrecuente, pues un 16% prefiere hablarlo con sus amigos, un 4% con sus padres\ny un 1% prefiere decirle a un profesor o inspectores.<\/p>\n\n\n\n<p>Ante\nesto, el Ministro Bellolio anunci\u00f3 urgencia a la moci\u00f3n que modifica la ley\nN\u00b020.370 General de Educaci\u00f3n, en\nmateria de ciberacoso o cyberbullying. Este proyecto busca concientizar dentro de los establecimientos educacionales a\nlos ni\u00f1os, ni\u00f1as y j\u00f3venes sobre el uso responsable de redes sociales, combatiendo todo tipo de violencia en ellas.\nAdem\u00e1s, entrega herramientas a la comunidad escolar\npara poder denunciar situaciones de ciberacoso o ciberbullying entre y hacia los alumnos.<br><\/p>\n\n\n\n<p>\u201cComo\nGobierno quisimos hacer este estudio porque producto de la pandemia nuestros\nj\u00f3venes estuvieron mucho m\u00e1s\nconectados a las redes sociales y como hemos visto, sufrieron m\u00e1s el ciberacoso. Hay hoy d\u00eda una mayor\nvisibilizaci\u00f3n pero tambi\u00e9n hubo un aumento de esa violencia digital. El proyecto de ley lo que\npretende es que exista al interior de los colegios una ayuda y capacitaci\u00f3n a los distintos docentes que\nhoy hacen un trabajo encomiable en esta materia que es muy compleja y que tambi\u00e9n sepan de qu\u00e9 se trata cada una de\nlas materias\u201d, asegur\u00f3 el Vocero de Gobierno.<\/p>\n\n\n\n<p><strong>Campa\u00f1a #CortaLaCadena<\/strong><\/p>\n\n\n\n<p>Ante\nesta situaci\u00f3n, el Ministerio Secretar\u00eda General de Gobierno decidi\u00f3 crear la\ncampa\u00f1a \u201cCorta la Cadena\u201d,\niniciativa que se difundir\u00e1 por redes sociales y que busca hacer un llamado a los j\u00f3venes\ny adolescentes a no\nser c\u00f3mplices de esta pr\u00e1ctica.<\/p>\n\n\n\n<p>\u201cLo\nque una persona dice a trav\u00e9s de las redes sociales no sabe c\u00f3mo se lo va a\ntomar la persona que est\u00e1 del otro\nlado de la pantalla. Es por esto que queremos visibilizar este tema y queremos pasar a\nla acci\u00f3n. Queremos\nllamar a que los testigos\ncorten la cadena, a que en vez de reenviar y seguir haciendo\nda\u00f1o, corten esa cadena, porque as\u00ed pasan a ser testigos salvadores, que no permiten que se siga agrandando el da\u00f1o\nque produce la violencia digital\u201d, sostuvo el Vocero de Gobierno.<\/p>\n\n\n\n<p>Por su parte Evanyely\nRomero y Emanuel\nPacheco de la Fundaci\u00f3n Katty Summer, sostuvieron que \u201cel ciberacoso\nes real, no es virtual y eso afecta la salud mental de quienes lo viven y lo\nsufren. Es por eso que tambi\u00e9n\nqueremos hacer un llamado a la conciencia y humildad a los pap\u00e1s y mam\u00e1s, porque\ntenemos que entender\nque hay muchas cosas que no sabemos\nde nuestros hijos y tenemos\nque entender con la mayor empat\u00eda posible\u201d.<\/p>\n\n\n\n<p>La\ncampa\u00f1a cont\u00f3 con la colaboraci\u00f3n de j\u00f3venes reconocidos y con alta valoraci\u00f3n,\ncomo Tom\u00e1s Gonz\u00e1lez, gimnasta\nol\u00edmpico, tiktoker y l\u00edder juvenil;\nJulieta Mart\u00ednez, activista\nen temas medioambientales, sociales y feministas; Martina Araneda, estudiante de derecho y activista contra\nel ciberacoso; y Vicente Gonz\u00e1lez,\ntiktoker.<\/p>\n","protected":false},"excerpt":{"rendered":"<p>El Vocero de Gobierno, Jaime Bellolio, junto a la Fundaci\u00f3n Katy Summer, lanzaron esta ma\u00f1ana la campa\u00f1a contra el Ciberacoso \u201cCorta la Cadena\u201d y presentaron los resultados del Estudio Nacional&#8230; <a class=\"read-more\" href=\"https:\/\/www.radiopresidenteibanez.cl\/web\/gobierno-lanza-campana-cortalacadena-contra-el-ciberacoso\/\">Leer m\u00e1s<\/a><\/p>\n","protected":false},"author":2,"featured_media":19476,"comment_status":"closed","ping_status":"closed","sticky":false,"template":"","format":"standard","meta":{"footnotes":""},"categories":[1],"tags":[],"class_list":["post-19475","post","type-post","status-publish","format-standard","has-post-thumbnail","hentry","category-cronica"],"_links":{"self":[{"href":"https:\/\/www.radiopresidenteibanez.cl\/web\/wp-json\/wp\/v2\/posts\/19475","targetHints":{"allow":["GET"]}}],"collection":[{"href":"https:\/\/www.radiopresidenteibanez.cl\/web\/wp-json\/wp\/v2\/posts"}],"about":[{"href":"https:\/\/www.radiopresidenteibanez.cl\/web\/wp-json\/wp\/v2\/types\/post"}],"author":[{"embeddable":true,"href":"https:\/\/www.radiopresidenteibanez.cl\/web\/wp-json\/wp\/v2\/users\/2"}],"replies":[{"embeddable":true,"href":"https:\/\/www.radiopresidenteibanez.cl\/web\/wp-json\/wp\/v2\/comments?post=19475"}],"version-history":[{"count":0,"href":"https:\/\/www.radiopresidenteibanez.cl\/web\/wp-json\/wp\/v2\/posts\/19475\/revisions"}],"wp:featuredmedia":[{"embeddable":true,"href":"https:\/\/www.radiopresidenteibanez.cl\/web\/wp-json\/wp\/v2\/media\/19476"}],"wp:attachment":[{"href":"https:\/\/www.radiopresidenteibanez.cl\/web\/wp-json\/wp\/v2\/media?parent=19475"}],"wp:term":[{"taxonomy":"category","embeddable":true,"href":"https:\/\/www.radiopresidenteibanez.cl\/web\/wp-json\/wp\/v2\/categories?post=19475"},{"taxonomy":"post_tag","embeddable":true,"href":"https:\/\/www.radiopresidenteibanez.cl\/web\/wp-json\/wp\/v2\/tags?post=19475"}],"curies":[{"name":"wp","href":"https:\/\/api.w.org\/{rel}","templated":true}]}}