{"id":19471,"date":"2021-03-23T15:11:36","date_gmt":"2021-03-23T15:11:36","guid":{"rendered":"https:\/\/www.radiopresidenteibanez.cl\/web\/?p=19471"},"modified":"2021-03-23T15:11:44","modified_gmt":"2021-03-23T15:11:44","slug":"fosis-abrio-proceso-de-postulaciones-a-programas-de-emprendimiento-para-este-2021","status":"publish","type":"post","link":"https:\/\/www.radiopresidenteibanez.cl\/web\/fosis-abrio-proceso-de-postulaciones-a-programas-de-emprendimiento-para-este-2021\/","title":{"rendered":"FOSIS ABRI\u00d3 PROCESO DE POSTULACIONES A PROGRAMAS DE EMPRENDIMIENTO PARA ESTE 2021"},"content":{"rendered":"\n<p>Una\nnueva oportunidad para emprender o fortalecer un negocio en desarrollo es lo\nque est\u00e1 ofreciendo el Fondo de Solidaridad e Inversi\u00f3n Social, FOSIS, servicio\nrelacionado al Ministerio de Desarrollo Social y Familia, a trav\u00e9s de su\nproceso de postulaciones a programas de emprendimiento para el presente a\u00f1o.<\/p>\n\n\n\n<p>La\nSeremi de Desarrollo Social y Familia, Liz Casanueva, junto al director\nregional del FOSIS, Hern\u00e1n Soto, visitaron el destacado emprendimiento de Beatriz\nOssand\u00f3n, \u201cB&amp;J Muebles\u201d, quien particip\u00f3 en uno de estos programas el a\u00f1o\npasado, en plena pandemia, para conocer su experiencia y compartir su\ntestimonio.<\/p>\n\n\n\n<p>\u201cPara\nuna pyme como nosotros nos ayuda a crecer y a entender cosas que uno no maneja.\nAs\u00ed que muy agradecidos del FOSIS, de confiar en nuestro trabajo. Tambi\u00e9n\nquiero invitar a la gente que tiene una idea de negocio o un proyecto andando a\ncreer en lo que hacen. Primero tenemos que partir por ah\u00ed, a creer en su\ntrabajo\u201d, manifest\u00f3 Beatriz Ossand\u00f3n invitando a postular a estas oportunidades\ndel servicio.<\/p>\n\n\n\n<p>El\ndirector del FOSIS, Hern\u00e1n Soto, inform\u00f3 que \u201cestamos abriendo nuestras\npostulaciones a nivel nacional, las que van a estar abiertas por tres semanas\nen la regi\u00f3n. Ya tenemos el ejemplo aqu\u00ed de \u201cB&amp;J Muebles\u201d, estamos\nencantados de haber conocido su espacio y ver c\u00f3mo trabajan de una manera tan\nprofesional y dedicada. As\u00ed que la invitaci\u00f3n est\u00e1 hecha para todos los\ninteresados en postular\u201d.<\/p>\n\n\n\n<p>\u201cHacemos\nel llamado a informarse y postular en l\u00ednea, de manera f\u00e1cil y r\u00e1pida, a trav\u00e9s\nde www.fosis.gob.cl. Este a\u00f1o tambi\u00e9n se ha dispuesto de una l\u00ednea 800\ngratuita, para aquellos que no cuentan con acceso a internet o equipos para\npostular, por lo tanto, pueden hacerlo llamando e inscribi\u00e9ndose en el n\u00famero\n800 248020\u201d, explic\u00f3 la Seremi de Desarrollo Social y Familia, Liz Casanueva. <\/p>\n\n\n\n<p>Por\nsegundo a\u00f1o consecutivo, debido a la contingencia sanitaria, las postulaciones\nse har\u00e1n de manera remota, a trav\u00e9s de <a href=\"http:\/\/www.fosis.gob.cl\">www.fosis.gob.cl<\/a>, donde se encontrar\u00e1n con un formulario simplificado y mejorado para\nuna mejor experiencia accediendo desde celulares. Para facilitar esta\nexperiencia, la p\u00e1gina web cuenta con un asistente virtual y adem\u00e1s se podr\u00e1\npedir orientaci\u00f3n enviando un mensaje al WhatsApp +569 4595 0011.\nPara quienes no puedan acceder a estos canales, tambi\u00e9n habr\u00e1 un tel\u00e9fono\ngratuito, 800 248020, para realizar la postulaci\u00f3n.<\/p>\n\n\n\n<p>Los\nrequisitos generales para\npostular son: ser mayor de 18 a\u00f1os; estar en el 50% m\u00e1s vulnerable seg\u00fan\nRegistro Social de Hogares en la comuna de Punta Arenas; y dentro del 60% en\nlas comunas de Natales, Porvenir y Cabo de Hornos. <\/p>\n","protected":false},"excerpt":{"rendered":"<p>Una nueva oportunidad para emprender o fortalecer un negocio en desarrollo es lo que est\u00e1 ofreciendo el Fondo de Solidaridad e Inversi\u00f3n Social, FOSIS, servicio relacionado al Ministerio de Desarrollo&#8230; <a class=\"read-more\" href=\"https:\/\/www.radiopresidenteibanez.cl\/web\/fosis-abrio-proceso-de-postulaciones-a-programas-de-emprendimiento-para-este-2021\/\">Leer m\u00e1s<\/a><\/p>\n","protected":false},"author":2,"featured_media":19472,"comment_status":"closed","ping_status":"closed","sticky":false,"template":"","format":"standard","meta":{"footnotes":""},"categories":[1],"tags":[],"class_list":["post-19471","post","type-post","status-publish","format-standard","has-post-thumbnail","hentry","category-cronica"],"_links":{"self":[{"href":"https:\/\/www.radiopresidenteibanez.cl\/web\/wp-json\/wp\/v2\/posts\/19471","targetHints":{"allow":["GET"]}}],"collection":[{"href":"https:\/\/www.radiopresidenteibanez.cl\/web\/wp-json\/wp\/v2\/posts"}],"about":[{"href":"https:\/\/www.radiopresidenteibanez.cl\/web\/wp-json\/wp\/v2\/types\/post"}],"author":[{"embeddable":true,"href":"https:\/\/www.radiopresidenteibanez.cl\/web\/wp-json\/wp\/v2\/users\/2"}],"replies":[{"embeddable":true,"href":"https:\/\/www.radiopresidenteibanez.cl\/web\/wp-json\/wp\/v2\/comments?post=19471"}],"version-history":[{"count":0,"href":"https:\/\/www.radiopresidenteibanez.cl\/web\/wp-json\/wp\/v2\/posts\/19471\/revisions"}],"wp:featuredmedia":[{"embeddable":true,"href":"https:\/\/www.radiopresidenteibanez.cl\/web\/wp-json\/wp\/v2\/media\/19472"}],"wp:attachment":[{"href":"https:\/\/www.radiopresidenteibanez.cl\/web\/wp-json\/wp\/v2\/media?parent=19471"}],"wp:term":[{"taxonomy":"category","embeddable":true,"href":"https:\/\/www.radiopresidenteibanez.cl\/web\/wp-json\/wp\/v2\/categories?post=19471"},{"taxonomy":"post_tag","embeddable":true,"href":"https:\/\/www.radiopresidenteibanez.cl\/web\/wp-json\/wp\/v2\/tags?post=19471"}],"curies":[{"name":"wp","href":"https:\/\/api.w.org\/{rel}","templated":true}]}}