{"id":19468,"date":"2021-03-23T15:09:36","date_gmt":"2021-03-23T15:09:36","guid":{"rendered":"https:\/\/www.radiopresidenteibanez.cl\/web\/?p=19468"},"modified":"2021-03-23T15:09:41","modified_gmt":"2021-03-23T15:09:41","slug":"equipo-pace-umag-realizo-bienvenida-online-a-los-estudiantes-de-la-generacion-2021","status":"publish","type":"post","link":"https:\/\/www.radiopresidenteibanez.cl\/web\/equipo-pace-umag-realizo-bienvenida-online-a-los-estudiantes-de-la-generacion-2021\/","title":{"rendered":"EQUIPO PACE UMAG REALIZ\u00d3 BIENVENIDA ONLINE A LOS ESTUDIANTES DE LA GENERACI\u00d3N 2021"},"content":{"rendered":"\n<p>El equipo del Programa de Acompa\u00f1amiento y Acceso Efectivo a la\nEducaci\u00f3n Superior (PACE) dieron la bienvenida, en forma online, a los\nestudiantes de las generaci\u00f3n 2021. <\/p>\n\n\n\n<p>Contando con la presencia de autoridades\nacad\u00e9micas, jefes de carrera y docentes de la Universidad de Magallanes,\nrepresentantes de la SEREMI de Educaci\u00f3n de la regi\u00f3n de Magallanes y Ant\u00e1rtica\nChile, profesionales y tutores pares del equipo PACE UMAG y&nbsp; estudiantes de las generaci\u00f3n 2021, siendo\ncerca de 30 los asistentes a la bienvenida virtual. <\/p>\n\n\n\n<p>Al inicio se mostr\u00f3 el video informativo\ndel programa, para luego dar paso a los saludos de bienvenida, de la\nCoordinadora Ejecutiva PACE UMAG, Dra. Carmen Paz Oval Soto y la Coordinadora\nde Acompa\u00f1amiento en la Educaci\u00f3n Superior (AES), Sra. Marlene Alvarado\nArteaga. <\/p>\n\n\n\n<p>Posterior\na eso, se realiz\u00f3 una presentaci\u00f3n de la Plataforma de Pregrado Virtual de la\nUMAG, por parte de la psic\u00f3loga Fernanda Miranda del equipo AES,&nbsp; y terminando con una instancia donde los\ninvitados pudieron informar y saludar a los estudiantes, entre ellos el equipo\nPACE y la Directora de Asuntos Estudiantiles (DEMRE) UMAG, Sra. Adriana\nBarrientos, quien a su vez explic\u00f3 sobre el apoyo que est\u00e1n realizando\nactualmente. <\/p>\n\n\n\n<p>Frente a esto, la Dra. Oval Soto, se\u00f1al\u00f3 que \u201cestamos orgullosos de los logros de nuestros\nestudiantes que hoy inician una nueva etapa. Estos dos \u00faltimos a\u00f1os no han sido\nf\u00e1ciles para el sistema educativo y en particular para nuestros estudiantes y\nsus profesores que han debido adaptarse a una forma de aprender y ense\u00f1ar. Este\na\u00f1o nuevamente recibimos a nuestros estudiantes v\u00eda online porque nos preocupa\nsu bienestar y el de nuestro equipo. Finalmente, les deseamos \u00e9xito en este\nnuevo desaf\u00edo y recordarles que cuentan con todo el apoyo del Equipo PACE UMAG\npara acompa\u00f1arlos y apoyarlos.\u201d<\/p>\n","protected":false},"excerpt":{"rendered":"<p>El equipo del Programa de Acompa\u00f1amiento y Acceso Efectivo a la Educaci\u00f3n Superior (PACE) dieron la bienvenida, en forma online, a los estudiantes de las generaci\u00f3n 2021. Contando con la&#8230; <a class=\"read-more\" href=\"https:\/\/www.radiopresidenteibanez.cl\/web\/equipo-pace-umag-realizo-bienvenida-online-a-los-estudiantes-de-la-generacion-2021\/\">Leer m\u00e1s<\/a><\/p>\n","protected":false},"author":2,"featured_media":19469,"comment_status":"closed","ping_status":"closed","sticky":false,"template":"","format":"standard","meta":{"footnotes":""},"categories":[1],"tags":[],"class_list":["post-19468","post","type-post","status-publish","format-standard","has-post-thumbnail","hentry","category-cronica"],"_links":{"self":[{"href":"https:\/\/www.radiopresidenteibanez.cl\/web\/wp-json\/wp\/v2\/posts\/19468","targetHints":{"allow":["GET"]}}],"collection":[{"href":"https:\/\/www.radiopresidenteibanez.cl\/web\/wp-json\/wp\/v2\/posts"}],"about":[{"href":"https:\/\/www.radiopresidenteibanez.cl\/web\/wp-json\/wp\/v2\/types\/post"}],"author":[{"embeddable":true,"href":"https:\/\/www.radiopresidenteibanez.cl\/web\/wp-json\/wp\/v2\/users\/2"}],"replies":[{"embeddable":true,"href":"https:\/\/www.radiopresidenteibanez.cl\/web\/wp-json\/wp\/v2\/comments?post=19468"}],"version-history":[{"count":0,"href":"https:\/\/www.radiopresidenteibanez.cl\/web\/wp-json\/wp\/v2\/posts\/19468\/revisions"}],"wp:featuredmedia":[{"embeddable":true,"href":"https:\/\/www.radiopresidenteibanez.cl\/web\/wp-json\/wp\/v2\/media\/19469"}],"wp:attachment":[{"href":"https:\/\/www.radiopresidenteibanez.cl\/web\/wp-json\/wp\/v2\/media?parent=19468"}],"wp:term":[{"taxonomy":"category","embeddable":true,"href":"https:\/\/www.radiopresidenteibanez.cl\/web\/wp-json\/wp\/v2\/categories?post=19468"},{"taxonomy":"post_tag","embeddable":true,"href":"https:\/\/www.radiopresidenteibanez.cl\/web\/wp-json\/wp\/v2\/tags?post=19468"}],"curies":[{"name":"wp","href":"https:\/\/api.w.org\/{rel}","templated":true}]}}