{"id":19462,"date":"2021-03-23T15:05:43","date_gmt":"2021-03-23T15:05:43","guid":{"rendered":"https:\/\/www.radiopresidenteibanez.cl\/web\/?p=19462"},"modified":"2021-03-23T15:05:49","modified_gmt":"2021-03-23T15:05:49","slug":"sindicato-de-trabajadores-de-enap-se-reunio-con-directora-nacional-del-trabajo-quien-se-encuentra-en-la-zona","status":"publish","type":"post","link":"https:\/\/www.radiopresidenteibanez.cl\/web\/sindicato-de-trabajadores-de-enap-se-reunio-con-directora-nacional-del-trabajo-quien-se-encuentra-en-la-zona\/","title":{"rendered":"SINDICATO DE TRABAJADORES DE ENAP SE REUNI\u00d3 CON DIRECTORA NACIONAL DEL TRABAJO, QUIEN SE ENCUENTRA EN LA ZONA"},"content":{"rendered":"\n<p><em>Hasta\nla sede del sindicato de trabajadores llego la directora nacional del trabajo\nLilia Jerez Ar\u00e9valo, quien lo hizo acompa\u00f1ada del director regional Carlos\nGorziglia e inspectores de la inspecci\u00f3n del trabajo regional.<\/em><\/p>\n\n\n\n<p><em>Fue\nrecibida por la directiva encabezada por su presidente Alejandro Avenda\u00f1o\nGallardo quien primeramente efectu\u00f3 un resumen del dif\u00edcil a\u00f1o que nos ha\ntocado vivir a los trabajadores y trabajadoras de Enap producto de la pandemia,\ncon una dotaci\u00f3n acota de trabajadores en terreno donde ya despu\u00e9s de un a\u00f1o\nintenso est\u00e1n muy agotados pero siguiendo adelante para poder garantizar el gas\ny los combustibles a la regi\u00f3n, como as\u00ed tambi\u00e9n le manifestamos que &nbsp;los trabajadores que est\u00e1n en grupo de riesgo\nen sus domicilios y que luego de la segunda vacuna ya hemos conversado con la\nempresa para que puedan retornar a sus labores en terreno.<\/em><\/p>\n\n\n\n<p><em>El\notro tema abordado fue la ley del teletrabajo y donde tenemos un grupo\nimportante en esa modalidad, donde la empresa se ha mostrado interesada en\nmantener esa modalidad, pero no puede hacerlo unilateralmente, como sindicato\nrealizamos una encuesta a nuestros socios y socias y una de las consulta fue si\nle gustar\u00eda seguir con teletrabajo o volver presencial y un 68,6% se manifest\u00f3\na favor de regresar presencialmente, como as\u00ed tambi\u00e9n el alto costo que han\ntenido que asumir en los consumos b\u00e1sicos de pr\u00e1cticamente un 50% m\u00e1s, se le\nmanifest\u00f3 que esta ley 21220 que esta vigente una vez mas lo centralizan a la\nzona norte ya que contempla por parte del empleador cancelar el agua y la luz e\ninternet pero no fija el monto si el total de la boleta o lo que el empleador\ndetermine y los m\u00e1s grave que dejaron fuera el pago del gas que en la zona\nnuestra es un elemento esencial y de un alto valor. <\/em><\/p>\n\n\n\n<p><em>Finalmente\nse trat\u00f3 tambi\u00e9n por parte del sindicato nuestra preocupaci\u00f3n por el alto\nnumero de multas que Enap ha tenido que pagar por no dar cumplimiento a las\nnormativas laborales, lo que no debiera ser ya que como empresa del estado\ndebiera ser un ejemplo.<\/em><\/p>\n\n\n\n<p><em>Por\nsu parte la directora nacional agradeci\u00f3 la reuni\u00f3n contesto varios puntos de\nlos planteados y comparti\u00f3 el hecho que no este contemplado el pago del gas por\nteletrabajo sobre todo en esta zona extrema, por lo que ser\u00e1 tema de revisi\u00f3n, termino\nse\u00f1alando Avenda\u00f1o. <\/em><\/p>\n","protected":false},"excerpt":{"rendered":"<p>Hasta la sede del sindicato de trabajadores llego la directora nacional del trabajo Lilia Jerez Ar\u00e9valo, quien lo hizo acompa\u00f1ada del director regional Carlos Gorziglia e inspectores de la inspecci\u00f3n&#8230; <a class=\"read-more\" href=\"https:\/\/www.radiopresidenteibanez.cl\/web\/sindicato-de-trabajadores-de-enap-se-reunio-con-directora-nacional-del-trabajo-quien-se-encuentra-en-la-zona\/\">Leer m\u00e1s<\/a><\/p>\n","protected":false},"author":2,"featured_media":19463,"comment_status":"closed","ping_status":"closed","sticky":false,"template":"","format":"standard","meta":{"footnotes":""},"categories":[1],"tags":[],"class_list":["post-19462","post","type-post","status-publish","format-standard","has-post-thumbnail","hentry","category-cronica"],"_links":{"self":[{"href":"https:\/\/www.radiopresidenteibanez.cl\/web\/wp-json\/wp\/v2\/posts\/19462","targetHints":{"allow":["GET"]}}],"collection":[{"href":"https:\/\/www.radiopresidenteibanez.cl\/web\/wp-json\/wp\/v2\/posts"}],"about":[{"href":"https:\/\/www.radiopresidenteibanez.cl\/web\/wp-json\/wp\/v2\/types\/post"}],"author":[{"embeddable":true,"href":"https:\/\/www.radiopresidenteibanez.cl\/web\/wp-json\/wp\/v2\/users\/2"}],"replies":[{"embeddable":true,"href":"https:\/\/www.radiopresidenteibanez.cl\/web\/wp-json\/wp\/v2\/comments?post=19462"}],"version-history":[{"count":0,"href":"https:\/\/www.radiopresidenteibanez.cl\/web\/wp-json\/wp\/v2\/posts\/19462\/revisions"}],"wp:featuredmedia":[{"embeddable":true,"href":"https:\/\/www.radiopresidenteibanez.cl\/web\/wp-json\/wp\/v2\/media\/19463"}],"wp:attachment":[{"href":"https:\/\/www.radiopresidenteibanez.cl\/web\/wp-json\/wp\/v2\/media?parent=19462"}],"wp:term":[{"taxonomy":"category","embeddable":true,"href":"https:\/\/www.radiopresidenteibanez.cl\/web\/wp-json\/wp\/v2\/categories?post=19462"},{"taxonomy":"post_tag","embeddable":true,"href":"https:\/\/www.radiopresidenteibanez.cl\/web\/wp-json\/wp\/v2\/tags?post=19462"}],"curies":[{"name":"wp","href":"https:\/\/api.w.org\/{rel}","templated":true}]}}