{"id":19459,"date":"2021-03-23T15:00:10","date_gmt":"2021-03-23T15:00:10","guid":{"rendered":"https:\/\/www.radiopresidenteibanez.cl\/web\/?p=19459"},"modified":"2021-03-23T15:00:16","modified_gmt":"2021-03-23T15:00:16","slug":"con-todas-las-medidas-de-prevencion-servicio-dental-del-hospital-de-natales-retoma-atencion-con-normalidad","status":"publish","type":"post","link":"https:\/\/www.radiopresidenteibanez.cl\/web\/con-todas-las-medidas-de-prevencion-servicio-dental-del-hospital-de-natales-retoma-atencion-con-normalidad\/","title":{"rendered":"CON TODAS LAS MEDIDAS DE PREVENCI\u00d3N SERVICIO DENTAL DEL HOSPITAL DE NATALES RETOMA ATENCI\u00d3N CON NORMALIDAD"},"content":{"rendered":"\n<p>Con el objetivo de asegurar la continuidad\ny periodicidad de la atenci\u00f3n de los pacientes del Servicio de Dental del\nHospital Dr. Augusto Essmann Burgos, las especialidades de Ortodoncia, Rehabilitaci\u00f3n\nOral y Endodoncia han retomado las atenciones con normalidad. Para ello, y dando\ncumplimiento a la normativa sanitaria, el Servicio implemento un protocolo que\notorgue seguridad al personal y a los pacientes, durante el proceso de atenci\u00f3n.\n&nbsp;<\/p>\n\n\n\n<p>Si bien durante la contingencia sanitaria\ntodas las especialidades del Servicio Dental, han mantenido la continuidad de\nla atenci\u00f3n, \u00e9sta se realizaba con una agenda mucho m\u00e1s acotada y por turnos, \u201clas\natenciones de dental se vieron duramente afectadas por las pandemias, debido a\nque el ejercicio de nuestra profesi\u00f3n y las prestaciones que otorgamos requieren\nun contacto estrecho con la boca del paciente, por ello era fundamental aplicar\nuna estricta normativa que asegure la salud del personal y nuestros usuarios y\nusuarias\u201d, explic\u00f3 el Jefe de Dental, Dr. Carlos Llancam\u00e1n. <\/p>\n\n\n\n<p>Cada usuario de dental, al ingreso del\nrecinto de salud debe someterse al control sanitario d\u00f3nde verifican el uso\ncorrecto de la mascarilla, toma de temperatura, limpieza de manos con alcohol\ngel y desinfecci\u00f3n de calzado. Posteriormente, antes del ingreso al box de\natenci\u00f3n, se realiza una encuesta para determinar si el paciente ha presentado\nalg\u00fan s\u00edntoma de COVID-19, una vez en el box se procede al lavado de manos y la\npostura de los elementos de protecci\u00f3n, para posteriormente ser atendido. <\/p>\n\n\n\n<p>\u201cAsimismo, el personal utiliza todos los\nelementos de protecci\u00f3n y una vez finalizada la atenci\u00f3n se procede a hacer una\ndesinfecci\u00f3n del box previo a la atenci\u00f3n del siguiente paciente\u201d, agreg\u00f3 el\nendodoncista, Dr. Llancam\u00e1n. <\/p>\n\n\n\n<p>Desde el a\u00f1o 2018, Valentina Barr\u00eda, quien\nen los pr\u00f3ximos d\u00edas cumplir\u00e1 17 a\u00f1os, es paciente de la especialidad de ortodoncia,\ntratamiento que est\u00e1 finalizando, \u201cestoy muy agradecida, porque a pesar de la pandemia\nmi hija mantuvo sus atenciones de ortodoncia, lo que le permitir\u00e1 terminar sus\nestudios de ense\u00f1anza media con su tratamiento de ortodoncia finalizado y una\nbuen salud bucal\u201d, asegur\u00f3 Nayel C\u00e1ceres madre de valentina. &nbsp;<\/p>\n","protected":false},"excerpt":{"rendered":"<p>Con el objetivo de asegurar la continuidad y periodicidad de la atenci\u00f3n de los pacientes del Servicio de Dental del Hospital Dr. Augusto Essmann Burgos, las especialidades de Ortodoncia, Rehabilitaci\u00f3n&#8230; <a class=\"read-more\" href=\"https:\/\/www.radiopresidenteibanez.cl\/web\/con-todas-las-medidas-de-prevencion-servicio-dental-del-hospital-de-natales-retoma-atencion-con-normalidad\/\">Leer m\u00e1s<\/a><\/p>\n","protected":false},"author":2,"featured_media":19460,"comment_status":"closed","ping_status":"closed","sticky":false,"template":"","format":"standard","meta":{"footnotes":""},"categories":[1],"tags":[],"class_list":["post-19459","post","type-post","status-publish","format-standard","has-post-thumbnail","hentry","category-cronica"],"_links":{"self":[{"href":"https:\/\/www.radiopresidenteibanez.cl\/web\/wp-json\/wp\/v2\/posts\/19459","targetHints":{"allow":["GET"]}}],"collection":[{"href":"https:\/\/www.radiopresidenteibanez.cl\/web\/wp-json\/wp\/v2\/posts"}],"about":[{"href":"https:\/\/www.radiopresidenteibanez.cl\/web\/wp-json\/wp\/v2\/types\/post"}],"author":[{"embeddable":true,"href":"https:\/\/www.radiopresidenteibanez.cl\/web\/wp-json\/wp\/v2\/users\/2"}],"replies":[{"embeddable":true,"href":"https:\/\/www.radiopresidenteibanez.cl\/web\/wp-json\/wp\/v2\/comments?post=19459"}],"version-history":[{"count":0,"href":"https:\/\/www.radiopresidenteibanez.cl\/web\/wp-json\/wp\/v2\/posts\/19459\/revisions"}],"wp:featuredmedia":[{"embeddable":true,"href":"https:\/\/www.radiopresidenteibanez.cl\/web\/wp-json\/wp\/v2\/media\/19460"}],"wp:attachment":[{"href":"https:\/\/www.radiopresidenteibanez.cl\/web\/wp-json\/wp\/v2\/media?parent=19459"}],"wp:term":[{"taxonomy":"category","embeddable":true,"href":"https:\/\/www.radiopresidenteibanez.cl\/web\/wp-json\/wp\/v2\/categories?post=19459"},{"taxonomy":"post_tag","embeddable":true,"href":"https:\/\/www.radiopresidenteibanez.cl\/web\/wp-json\/wp\/v2\/tags?post=19459"}],"curies":[{"name":"wp","href":"https:\/\/api.w.org\/{rel}","templated":true}]}}