{"id":19457,"date":"2021-03-23T14:58:07","date_gmt":"2021-03-23T14:58:07","guid":{"rendered":"https:\/\/www.radiopresidenteibanez.cl\/web\/?p=19457"},"modified":"2021-03-23T14:58:12","modified_gmt":"2021-03-23T14:58:12","slug":"samu-magallanes-han-quintuplicado-llamados-y-salidas-diarias-en-pandemia","status":"publish","type":"post","link":"https:\/\/www.radiopresidenteibanez.cl\/web\/samu-magallanes-han-quintuplicado-llamados-y-salidas-diarias-en-pandemia\/","title":{"rendered":"SAMU MAGALLANES HAN QUINTUPLICADO LLAMADOS Y SALIDAS DIARIAS EN PANDEMIA"},"content":{"rendered":"\n<p>Desde hace un a\u00f1o, los\nfuncionarios del Servicio de Atenci\u00f3n M\u00e9dico de Urgencias (SAMU) Magallanes, han\nredoblado sus esfuerzos producto de la pandemia. Ellos tambi\u00e9n son parte de la\nprimera l\u00ednea, ya que son los primeros en entregar ayuda en caso de una emergencia.\n<\/p>\n\n\n\n<p>Diariamente el 131 recibe m\u00e1s 100\nllamados de diversa \u00edndole y los funcionarios siempre est\u00e1n preparados. <\/p>\n\n\n\n<p>Al llegar a un accidente, su\nprimera labor es realizar una estabilizaci\u00f3n inicial, luego un trabajo\nprehospitalario y posteriormente, cuando el paciente est\u00e1 estabilizado, su\ntraslado a la Unidad de Emergencia Hospitalaria (UEH) del Hospital Cl\u00ednico\nMagallanes. <\/p>\n\n\n\n<p>El jefe SAMU Magallanes, doctor\nFelipe Hern\u00e1ndez, se\u00f1al\u00f3 que a ra\u00edz de la pandemia han quintuplicado sus\nllamados y salidas diarias, lo que se traduce en un m\u00e1ximo esfuerzo para el\npersonal. <\/p>\n\n\n\n<p>\u201cComo equipo de primera l\u00ednea\nsiempre hemos logrado contar con todos nuestros elementos de protecci\u00f3n\npersonal para poder trabajar y ejercer este desaf\u00edo. Existe un cansancio porque\nel trabajo es arduo. A veces no damos abasto porque el n\u00famero de solicitudes de\nambulancia es mayor versus la cantidad de unidades que tenemos disponibles\u201d,\nse\u00f1al\u00f3 el doctor Hern\u00e1ndez. <\/p>\n\n\n\n<p>Y su trabajo no queda all\u00ed. Estos\nprofesionales de la medicina prehospitalaria tambi\u00e9n han estado apoyando las\naeroevacuaciones que ha realizado la Fuerza A\u00e9rea y el equipo del SAMU\nMetropolitano, para garantizar el acceso a cama cr\u00edtica en el Hospital Cl\u00ednico\nMagallanes. <\/p>\n\n\n\n<p>\u201cPor lo tanto, ha sido un trabajo\nmuy intenso, nos ha ense\u00f1ado a implementar nuevos procedimientos, hemos\nidentificado mejoras y hemos corregido errores, as\u00ed que ha sido un a\u00f1o muy\ndin\u00e1mico para todo el equipo\u201d, a\u00f1ade. <\/p>\n\n\n\n<p>Lavado de manos, uso de\nmascarilla, evitar las aglomeraciones y reuniones sociales, es el llamado final\nque realiz\u00f3 el Dr. Hern\u00e1ndez para la poblaci\u00f3n magall\u00e1nica. <\/p>\n\n\n\n<p>\u201cEl SAMU contin\u00faa en su l\u00edmite de\ntrabajo, por lo tanto, para que nosotros podamos seguir cuid\u00e1ndolos y\nentreg\u00e1ndoles todo el apoyo, deben cuidarse, cuidar a sus seres queridos.\nVac\u00fanense cuando les corresponda y cuid\u00e9monos entre todos\u201d, finaliz\u00f3 el jefe SAMU\nMagallanes, doctor Felipe Hern\u00e1ndez. <\/p>\n","protected":false},"excerpt":{"rendered":"<p>Desde hace un a\u00f1o, los funcionarios del Servicio de Atenci\u00f3n M\u00e9dico de Urgencias (SAMU) Magallanes, han redoblado sus esfuerzos producto de la pandemia. Ellos tambi\u00e9n son parte de la primera&#8230; <a class=\"read-more\" href=\"https:\/\/www.radiopresidenteibanez.cl\/web\/samu-magallanes-han-quintuplicado-llamados-y-salidas-diarias-en-pandemia\/\">Leer m\u00e1s<\/a><\/p>\n","protected":false},"author":2,"featured_media":189,"comment_status":"closed","ping_status":"closed","sticky":false,"template":"","format":"standard","meta":{"footnotes":""},"categories":[1],"tags":[],"class_list":["post-19457","post","type-post","status-publish","format-standard","has-post-thumbnail","hentry","category-cronica"],"_links":{"self":[{"href":"https:\/\/www.radiopresidenteibanez.cl\/web\/wp-json\/wp\/v2\/posts\/19457","targetHints":{"allow":["GET"]}}],"collection":[{"href":"https:\/\/www.radiopresidenteibanez.cl\/web\/wp-json\/wp\/v2\/posts"}],"about":[{"href":"https:\/\/www.radiopresidenteibanez.cl\/web\/wp-json\/wp\/v2\/types\/post"}],"author":[{"embeddable":true,"href":"https:\/\/www.radiopresidenteibanez.cl\/web\/wp-json\/wp\/v2\/users\/2"}],"replies":[{"embeddable":true,"href":"https:\/\/www.radiopresidenteibanez.cl\/web\/wp-json\/wp\/v2\/comments?post=19457"}],"version-history":[{"count":0,"href":"https:\/\/www.radiopresidenteibanez.cl\/web\/wp-json\/wp\/v2\/posts\/19457\/revisions"}],"wp:featuredmedia":[{"embeddable":true,"href":"https:\/\/www.radiopresidenteibanez.cl\/web\/wp-json\/wp\/v2\/media\/189"}],"wp:attachment":[{"href":"https:\/\/www.radiopresidenteibanez.cl\/web\/wp-json\/wp\/v2\/media?parent=19457"}],"wp:term":[{"taxonomy":"category","embeddable":true,"href":"https:\/\/www.radiopresidenteibanez.cl\/web\/wp-json\/wp\/v2\/categories?post=19457"},{"taxonomy":"post_tag","embeddable":true,"href":"https:\/\/www.radiopresidenteibanez.cl\/web\/wp-json\/wp\/v2\/tags?post=19457"}],"curies":[{"name":"wp","href":"https:\/\/api.w.org\/{rel}","templated":true}]}}