{"id":19454,"date":"2021-03-23T14:55:14","date_gmt":"2021-03-23T14:55:14","guid":{"rendered":"https:\/\/www.radiopresidenteibanez.cl\/web\/?p=19454"},"modified":"2021-03-23T14:55:20","modified_gmt":"2021-03-23T14:55:20","slug":"mas-de-un-centenar-de-estudiantes-inician-clases-en-el-centro-de-formacion-tecnica-estatal-de-magallanes","status":"publish","type":"post","link":"https:\/\/www.radiopresidenteibanez.cl\/web\/mas-de-un-centenar-de-estudiantes-inician-clases-en-el-centro-de-formacion-tecnica-estatal-de-magallanes\/","title":{"rendered":"M\u00c1S DE UN CENTENAR DE ESTUDIANTES INICIAN CLASES EN EL CENTRO DE FORMACI\u00d3N T\u00c9CNICA ESTATAL DE MAGALLANES"},"content":{"rendered":"\n<p>Este lunes m\u00e1s de\n100 estudiantes iniciar\u00e1n sus estudios presenciales en el CFT de Magallanes en\nla sede Porvenir, en el segundo a\u00f1o de gesti\u00f3n acad\u00e9mica de la instituci\u00f3n\nestatal, dando vida a las carreras t\u00e9cnicas en Veterinaria y Producci\u00f3n\nAgropecuaria, Mantenci\u00f3n de Sistemas Acu\u00edcolas y Administraci\u00f3n de Sistemas\nLog\u00edsticos.<\/p>\n\n\n\n<p>El rector del CFT\nde Magallanes, Christian Quezada Ruiz remarc\u00f3 que este auspicioso inicio de\nclases es el fruto del trabajo realizado por la instituci\u00f3n de educaci\u00f3n\nsuperior, \u201clogrando motivar a un centenar de magall\u00e1nicos para cursar estudios\nt\u00e9cnicos de nivel superior en Porvenir, donde se ha implementado un Modelo\nEducativo Institucional basado en los principios de formaci\u00f3n integral, calidad\ne innovaci\u00f3n y compromiso con el desarrollo regional\u201d.<\/p>\n\n\n\n<p>Adem\u00e1s de los\nestudiantes, el equipo acad\u00e9mico del Centro de Formaci\u00f3n T\u00e9cnica tambi\u00e9n ha\nrecibido inducci\u00f3n en la \u201csemana cero\u201d conociendo el Modelo Educativo,\ncompetencias, formaci\u00f3n t\u00e9cnico profesional, planificaci\u00f3n, metodolog\u00eda de aula\ny el Aula Virtual.<\/p>\n\n\n\n<p>Adicionalmente se\nha desarrollado un completo protocolo sanitario, ratificado en visita de\ninspecci\u00f3n de la Seremi de Salud, que autoriza a dar inicio de clases de manera\nsegura y preventiva, tomando en cuenta que la ciudad de Porvenir se encuentra\nen fase 4, permitiendo un aforo m\u00e1ximo de 16\npersonas por aula, manteniendo las\nmedidas de toma de temperatura, uso de mascarilla, distanciamiento f\u00edsico,\npermanente lavado de manos y uso de alcohol gel, elementos con los que se\nencuentra totalmente equipada la sede ubicada en Francisco Sampaio 580.<\/p>\n\n\n\n<p><strong>Fibra\n\u00f3ptica y programa semipresencial en carrera de Log\u00edstica<\/strong><\/p>\n\n\n\n<p>Al anuncio de las\nclases presenciales en la sede de Porvenir se suma la reciente implementaci\u00f3n\nde fibra \u00f3ptica en las dependencias de la instituci\u00f3n, iniciativa motivada por\nel compromiso institucional de incorporar tecnolog\u00eda y servicios que aporten al\nproceso formativo, permitiendo un aumento sustantivo en la calidad de\nconectividad y mejor experiencia para la comunidad CFT. Lo anterior se traduce\nen transmisi\u00f3n de datos a mayor velocidad, mejor ancho de banda independiente\nde los equipos conectados, menores posibilidades de cortes en la conexi\u00f3n,\nmayor seguridad de red y mejor calidad de video y sonido en especial para\nvideoconferencias, herramienta que se ha vuelto indispensable en tiempos de\npandemia para el desarrollo de clases sincr\u00f3nicas transmitidas en vivo.<strong><\/strong><\/p>\n\n\n\n<p>Finalmente, el rector Quezada invit\u00f3 a los interesados en matricularse\nen el CFT, a \u201cque conozcan los cupos disponibles para las carreras presenciales\nen la sede Porvenir, y al mismo tiempo extender la invitaci\u00f3n para el resto de\nla regi\u00f3n, a consultar por el plan especial semipresencial de la carrera\nT\u00e9cnico en Administraci\u00f3n de Sistemas Log\u00edsticos, programa que se iniciar\u00e1 el 3\nde mayo y que comprende un modelo de formaci\u00f3n con un 80% impartido online y un\n20% presencial con encuentros un s\u00e1bado al mes en Punta Arenas, con horarios\nflexibles ideal para estudiantes trabajadores quienes buscan organizar de mejor\nforma su tiempo de estudio en una carrera corta, que&nbsp; de acuerdo con recientes estudios disponibles\nen mifuturo.cl, tiene una alta tasa de empleabilidad para la industria\nregional\u201d.<\/p>\n","protected":false},"excerpt":{"rendered":"<p>Este lunes m\u00e1s de 100 estudiantes iniciar\u00e1n sus estudios presenciales en el CFT de Magallanes en la sede Porvenir, en el segundo a\u00f1o de gesti\u00f3n acad\u00e9mica de la instituci\u00f3n estatal,&#8230; <a class=\"read-more\" href=\"https:\/\/www.radiopresidenteibanez.cl\/web\/mas-de-un-centenar-de-estudiantes-inician-clases-en-el-centro-de-formacion-tecnica-estatal-de-magallanes\/\">Leer m\u00e1s<\/a><\/p>\n","protected":false},"author":2,"featured_media":19455,"comment_status":"closed","ping_status":"closed","sticky":false,"template":"","format":"standard","meta":{"footnotes":""},"categories":[1],"tags":[],"class_list":["post-19454","post","type-post","status-publish","format-standard","has-post-thumbnail","hentry","category-cronica"],"_links":{"self":[{"href":"https:\/\/www.radiopresidenteibanez.cl\/web\/wp-json\/wp\/v2\/posts\/19454","targetHints":{"allow":["GET"]}}],"collection":[{"href":"https:\/\/www.radiopresidenteibanez.cl\/web\/wp-json\/wp\/v2\/posts"}],"about":[{"href":"https:\/\/www.radiopresidenteibanez.cl\/web\/wp-json\/wp\/v2\/types\/post"}],"author":[{"embeddable":true,"href":"https:\/\/www.radiopresidenteibanez.cl\/web\/wp-json\/wp\/v2\/users\/2"}],"replies":[{"embeddable":true,"href":"https:\/\/www.radiopresidenteibanez.cl\/web\/wp-json\/wp\/v2\/comments?post=19454"}],"version-history":[{"count":0,"href":"https:\/\/www.radiopresidenteibanez.cl\/web\/wp-json\/wp\/v2\/posts\/19454\/revisions"}],"wp:featuredmedia":[{"embeddable":true,"href":"https:\/\/www.radiopresidenteibanez.cl\/web\/wp-json\/wp\/v2\/media\/19455"}],"wp:attachment":[{"href":"https:\/\/www.radiopresidenteibanez.cl\/web\/wp-json\/wp\/v2\/media?parent=19454"}],"wp:term":[{"taxonomy":"category","embeddable":true,"href":"https:\/\/www.radiopresidenteibanez.cl\/web\/wp-json\/wp\/v2\/categories?post=19454"},{"taxonomy":"post_tag","embeddable":true,"href":"https:\/\/www.radiopresidenteibanez.cl\/web\/wp-json\/wp\/v2\/tags?post=19454"}],"curies":[{"name":"wp","href":"https:\/\/api.w.org\/{rel}","templated":true}]}}