{"id":19451,"date":"2021-03-23T14:53:33","date_gmt":"2021-03-23T14:53:33","guid":{"rendered":"https:\/\/www.radiopresidenteibanez.cl\/web\/?p=19451"},"modified":"2021-03-23T14:53:39","modified_gmt":"2021-03-23T14:53:39","slug":"70-mujeres-de-la-red-prodemu-en-magallanes-participaron-en-jornada-motivacional-el-poder-de-la-resiliencia","status":"publish","type":"post","link":"https:\/\/www.radiopresidenteibanez.cl\/web\/70-mujeres-de-la-red-prodemu-en-magallanes-participaron-en-jornada-motivacional-el-poder-de-la-resiliencia\/","title":{"rendered":"70 MUJERES DE LA RED PRODEMU EN MAGALLANES  PARTICIPARON EN JORNADA MOTIVACIONAL \u201cEL PODER DE LA RESILIENCIA\u201d"},"content":{"rendered":"\n<p>En el marco del mes de\nconmemoraci\u00f3n del D\u00eda Internacional de la Mujer, PRODEMU realiz\u00f3 una jornada\nmotivacional denominada \u201cEl poder de la resiliencia, \u00bfC\u00f3mo enfrentar los\ndesaf\u00edos de hoy?\u201d, instancia que reuni\u00f3 a 70 mujeres de distintos rincones de\nla regi\u00f3n que conversaron sobre la resiliencia personal, laboral y social, como\nestrategia de desarrollo personal.&nbsp; <\/p>\n\n\n\n<p>La charla surgi\u00f3 de\nuna demanda espont\u00e1nea de las mujeres, que gener\u00f3 que PRODEMU trabajara para actuar,\navanzar y caminar junto a ellas entregando contenci\u00f3n y herramientas que les\npermitan desarrollar habilidades y competencias para descubrir sus fortalezas,\nla automotivaci\u00f3n y elevar los \u00edndices de resiliencias para poder gestionar de\nmejor manera las emociones en tiempos complejos y adversos como los que\nenfrentamos actualmente. <\/p>\n\n\n\n<p>La directora regional,\nGabriela S\u00e1nchez Ca\u00f1ete, explic\u00f3 que esta actividad se realiz\u00f3 en el contexto\nde las Rutas de Aprendizajes mediante el espacio informativo, el que tiene como\nobjetivo, informar a las mujeres en tem\u00e1ticas espec\u00edficas que promuevan sus\nderechos y autonom\u00edas, con la finalidad de reducir las barreras presentes en\nsus vidas y en su comunidad.<\/p>\n\n\n\n<p>\u201cLa crisis sanitaria,\npor el Covid_19, que seguimos viviendo, nos ha puesto a prueba en situaciones\nque no hab\u00edamos experimentado nunca antes. Las medidas de confinamiento y\naislamiento social, han generado un aumento no menor de niveles de estr\u00e9s en la\npoblaci\u00f3n, especialmente en las mujeres. Esta situaci\u00f3n ha afectado de manera\ndiferente a hombres y mujeres, incluso acrecentando las desigualdades de\ng\u00e9nero. En esta crisis sanitaria, las mujeres han asumido el papel predominante\ncomo cuidadoras al interior de la familia, como profesionales de la salud de\nprimera l\u00ednea, como gu\u00eda y apoyo de hijos e hijas durante su proceso educativo\nonline, etc. Frente a esto, estimamos muy necesario, entregar herramientas y\nconocimientos a las mujeres del territorio, que les ayude a fortalecerse en\nsituaciones dif\u00edciles. Precisamente la resiliencia nos permite resistir la\nadversidad y recuperarnos de sucesos complejos y dif\u00edciles, de ver en estas situaciones,\nuna oportunidad de aprendizaje y reinvenci\u00f3n\u201d, asegur\u00f3 S\u00e1nchez.<\/p>\n\n\n\n<p>Las mujeres PRODEMU\nque participaron en el encuentro, agradecieron la instancia de di\u00e1logo, la que\nse ajust\u00f3 a sus necesidades en el enfoque de la actividad y la escucha activa\ndel equipo regional. <\/p>\n\n\n\n<p>Juana C\u00e1rcamo destac\u00f3\nque este tipo de instancias son positivas y que \u201cuno siempre tiene que aprender\nm\u00e1s\u201d, en tanto Hortensia Monsalves agradeci\u00f3 la charla y la reflexi\u00f3n que se\nhizo sobre la resiliencia \u201ces importante que sigamos siendo positivas, las\nmujeres siempre encontramos una soluci\u00f3n a los problemas, y la verdad es que\nespero que PRODEMU nos siga convocando a m\u00e1s reuniones\u201d.<\/p>\n\n\n\n<p>Finalmente, Flor\nAic\u00f3n, manifest\u00f3 que \u201cfue una charla maravillosa, pero ac\u00e1 lo importante es que\nmuchas de nosotras podemos conectarnos v\u00eda zoom gracias a PRODEMU, que a trav\u00e9s\nde la Ruta Digital nos entreg\u00f3 un tel\u00e9fono inteligente que hemos aprendido a\nusar, as\u00ed que gracias por la oportunidad de conversar\u201d. <\/p>\n","protected":false},"excerpt":{"rendered":"<p>En el marco del mes de conmemoraci\u00f3n del D\u00eda Internacional de la Mujer, PRODEMU realiz\u00f3 una jornada motivacional denominada \u201cEl poder de la resiliencia, \u00bfC\u00f3mo enfrentar los desaf\u00edos de hoy?\u201d,&#8230; <a class=\"read-more\" href=\"https:\/\/www.radiopresidenteibanez.cl\/web\/70-mujeres-de-la-red-prodemu-en-magallanes-participaron-en-jornada-motivacional-el-poder-de-la-resiliencia\/\">Leer m\u00e1s<\/a><\/p>\n","protected":false},"author":2,"featured_media":19452,"comment_status":"closed","ping_status":"closed","sticky":false,"template":"","format":"standard","meta":{"footnotes":""},"categories":[1],"tags":[],"class_list":["post-19451","post","type-post","status-publish","format-standard","has-post-thumbnail","hentry","category-cronica"],"_links":{"self":[{"href":"https:\/\/www.radiopresidenteibanez.cl\/web\/wp-json\/wp\/v2\/posts\/19451","targetHints":{"allow":["GET"]}}],"collection":[{"href":"https:\/\/www.radiopresidenteibanez.cl\/web\/wp-json\/wp\/v2\/posts"}],"about":[{"href":"https:\/\/www.radiopresidenteibanez.cl\/web\/wp-json\/wp\/v2\/types\/post"}],"author":[{"embeddable":true,"href":"https:\/\/www.radiopresidenteibanez.cl\/web\/wp-json\/wp\/v2\/users\/2"}],"replies":[{"embeddable":true,"href":"https:\/\/www.radiopresidenteibanez.cl\/web\/wp-json\/wp\/v2\/comments?post=19451"}],"version-history":[{"count":0,"href":"https:\/\/www.radiopresidenteibanez.cl\/web\/wp-json\/wp\/v2\/posts\/19451\/revisions"}],"wp:featuredmedia":[{"embeddable":true,"href":"https:\/\/www.radiopresidenteibanez.cl\/web\/wp-json\/wp\/v2\/media\/19452"}],"wp:attachment":[{"href":"https:\/\/www.radiopresidenteibanez.cl\/web\/wp-json\/wp\/v2\/media?parent=19451"}],"wp:term":[{"taxonomy":"category","embeddable":true,"href":"https:\/\/www.radiopresidenteibanez.cl\/web\/wp-json\/wp\/v2\/categories?post=19451"},{"taxonomy":"post_tag","embeddable":true,"href":"https:\/\/www.radiopresidenteibanez.cl\/web\/wp-json\/wp\/v2\/tags?post=19451"}],"curies":[{"name":"wp","href":"https:\/\/api.w.org\/{rel}","templated":true}]}}