{"id":19449,"date":"2021-03-23T14:51:46","date_gmt":"2021-03-23T14:51:46","guid":{"rendered":"https:\/\/www.radiopresidenteibanez.cl\/web\/?p=19449"},"modified":"2021-03-23T14:51:51","modified_gmt":"2021-03-23T14:51:51","slug":"jueves-25-marzo-guitarrista-javier-contreras-en-vivo-en-el-ultimo-tren-a-casa","status":"publish","type":"post","link":"https:\/\/www.radiopresidenteibanez.cl\/web\/jueves-25-marzo-guitarrista-javier-contreras-en-vivo-en-el-ultimo-tren-a-casa\/","title":{"rendered":"JUEVES 25 MARZO: GUITARRISTA JAVIER CONTRERAS EN VIVO EN EL \u00daLTIMO TREN A CASA"},"content":{"rendered":"\n<p>Para este jueves 25 de marzo el programa\u00a0<strong><em>\u00abEl \u00faltimo tren a casa\u00bb<\/em><\/strong>\u00a0que produce el Colectivo Aczi\u00f3n Kultural\u00a0 y\u00a0 que conduce Pedro Guichapany en Radio Presidente Ib\u00e1\u00f1ez ha preparado una jornada especial a partir de las 20 hrs.\u00a0 \u00a0Se trata de la participaci\u00f3n en los estudios de la emisora durante la emisi\u00f3n del programa del destacado concertista y compositor en guitarra\u00a0<strong>JAVIER CONTRERAS GALINDO<\/strong>\u00a0quien se encuentra de paso por su ciudad natal. Hace ya varios a\u00f1os reside en Colombia.\u00a0\u00a0<\/p>\n\n\n\n<p>En el programa se producir\u00e1 un conversatorio con el m\u00fasico y adem\u00e1s se podr\u00e1 apreciar en vivo al concertista.<\/p>\n\n\n\n<p>Javier Contreras es reconocido por sus colegas como poseedor de una gran virtuosismo t\u00e9cnico y considerado por muchos como uno de los compositores m\u00e1s brillantes de su generaci\u00f3n, teniendo a su haber una gran cantidad de obras tanto para instrumentos solistas, m\u00fasica de c\u00e1mara, orquesta y coros. Como compositor ha tenido una formaci\u00f3n autodidacta y como guitarrista sus principales maestros han sido su padre, Manuel Contreras Sotomayor, la docente Ariela Carip\u00e1n y el reconocido guitarrista chileno Jos\u00e9 Antonio Escobar.Ha obtenido los siguientes premios:<\/p>\n\n\n\n<p><br>&#8211; Primer Premio del concurso de composici\u00f3n del Bostos Guitar Fest (Boston- USA)- Primer Premio del concurso de composici\u00f3n de la Lisker Music Foundation (Chicago, USA)\u00a0&#8211; Primer Premio del Black Cedar Inaugural Commissioning Competition (San Francisco, USA)- Primer Premio del concurso nacional de guitarra cl\u00e1sica Liliana P\u00e9rez Corey (Chile)- Tercer Premio en el concurso de guitarra cl\u00e1sica Miguel Llovet (Barcelona-Espa\u00f1a)- Tercer Premio en el concurso de composici\u00f3n en el International Guitar Festival Rust (Austria)<\/p>\n\n\n\n<p>Ha realizado giras de conciertos, grabaciones y clases magistrales por EEUU, Espa\u00f1a, Inglaterra, India y Jap\u00f3n\u00a0 y ha participado en los festivales de guitarra m\u00e1s importantes de Sudam\u00e9rica como el Festival Guitarras del Mundo de Argentina, importantes festivales en Brasil, Per\u00fa, Chile, Colombia y Paraguay.\u00a0\u00a0Su m\u00fasica ha sido grabada por el premiado guitarrista chileno Jos\u00e9 Antonio Escobar en el disco Guitar Music of Chile del sello NAXOS (Canad\u00e1), adem\u00e1s de contar con varios discos independientes grabando su propia m\u00fasica.<\/p>\n\n\n\n<p>Durante el mes de febrero de este a\u00f1o 2021 particip\u00f3 de la primera edici\u00f3n del Festival Guitarras de la Patagonia junto a Hugo Mu\u00f1oz G\u00f3mez tambi\u00e9n de Punta Arenas y H\u00e9ctor Chucu Rodr\u00edguez de R\u00edo Turbio, Argentina.\u00a0 Este \u00faltimo evento se podr\u00e1 escuchar desde el 25 al 28 de marzo a las 21 hrs. por las frecuencias de Radio Presidente Ib\u00e1\u00f1ez. <\/p>\n","protected":false},"excerpt":{"rendered":"<p>Para este jueves 25 de marzo el programa\u00a0\u00abEl \u00faltimo tren a casa\u00bb\u00a0que produce el Colectivo Aczi\u00f3n Kultural\u00a0 y\u00a0 que conduce Pedro Guichapany en Radio Presidente Ib\u00e1\u00f1ez ha preparado una jornada&#8230; <a class=\"read-more\" href=\"https:\/\/www.radiopresidenteibanez.cl\/web\/jueves-25-marzo-guitarrista-javier-contreras-en-vivo-en-el-ultimo-tren-a-casa\/\">Leer m\u00e1s<\/a><\/p>\n","protected":false},"author":2,"featured_media":9887,"comment_status":"closed","ping_status":"closed","sticky":false,"template":"","format":"standard","meta":{"footnotes":""},"categories":[1],"tags":[],"class_list":["post-19449","post","type-post","status-publish","format-standard","has-post-thumbnail","hentry","category-cronica"],"_links":{"self":[{"href":"https:\/\/www.radiopresidenteibanez.cl\/web\/wp-json\/wp\/v2\/posts\/19449","targetHints":{"allow":["GET"]}}],"collection":[{"href":"https:\/\/www.radiopresidenteibanez.cl\/web\/wp-json\/wp\/v2\/posts"}],"about":[{"href":"https:\/\/www.radiopresidenteibanez.cl\/web\/wp-json\/wp\/v2\/types\/post"}],"author":[{"embeddable":true,"href":"https:\/\/www.radiopresidenteibanez.cl\/web\/wp-json\/wp\/v2\/users\/2"}],"replies":[{"embeddable":true,"href":"https:\/\/www.radiopresidenteibanez.cl\/web\/wp-json\/wp\/v2\/comments?post=19449"}],"version-history":[{"count":0,"href":"https:\/\/www.radiopresidenteibanez.cl\/web\/wp-json\/wp\/v2\/posts\/19449\/revisions"}],"wp:featuredmedia":[{"embeddable":true,"href":"https:\/\/www.radiopresidenteibanez.cl\/web\/wp-json\/wp\/v2\/media\/9887"}],"wp:attachment":[{"href":"https:\/\/www.radiopresidenteibanez.cl\/web\/wp-json\/wp\/v2\/media?parent=19449"}],"wp:term":[{"taxonomy":"category","embeddable":true,"href":"https:\/\/www.radiopresidenteibanez.cl\/web\/wp-json\/wp\/v2\/categories?post=19449"},{"taxonomy":"post_tag","embeddable":true,"href":"https:\/\/www.radiopresidenteibanez.cl\/web\/wp-json\/wp\/v2\/tags?post=19449"}],"curies":[{"name":"wp","href":"https:\/\/api.w.org\/{rel}","templated":true}]}}