{"id":19446,"date":"2021-03-23T14:49:10","date_gmt":"2021-03-23T14:49:10","guid":{"rendered":"https:\/\/www.radiopresidenteibanez.cl\/web\/?p=19446"},"modified":"2021-03-23T14:49:15","modified_gmt":"2021-03-23T14:49:15","slug":"bolsa-de-santiago-da-inicio-a-programa-de-educacion-financiera-con-cursos-y-charlas-online-a-lo-largo-de-todo-el-pais","status":"publish","type":"post","link":"https:\/\/www.radiopresidenteibanez.cl\/web\/bolsa-de-santiago-da-inicio-a-programa-de-educacion-financiera-con-cursos-y-charlas-online-a-lo-largo-de-todo-el-pais\/","title":{"rendered":"BOLSA DE SANTIAGO DA INICIO A PROGRAMA DE EDUCACI\u00d3N FINANCIERA CON CURSOS Y CHARLAS ONLINE A LO LARGO DE TODO EL PA\u00cdS"},"content":{"rendered":"\n<p>Con el objetivo de llevar la Educaci\u00f3n Financiera a\nlo largo de todo el pa\u00eds, la Bolsa de Santiago inici\u00f3 su programa 2021 de\ncursos y charlas introductorias al mercado financiero en formato online, orientado\na escolares, universitarios y\np\u00fablico en general interesado en conocer m\u00e1s sobre el mundo burs\u00e1til. <\/p>\n\n\n\n<p>Si bien el a\u00f1o 2020 represent\u00f3 un desaf\u00edo en cuanto\na la continuidad del programa de cursos y charlas a ra\u00edz de la pandemia, la\nimplementaci\u00f3n de la modalidad online signific\u00f3 una gran oportunidad de\nexpandir el alcance y descentralizar la participaci\u00f3n del p\u00fablico que se\ninteresa en este tipo de contenidos, logrando, congregar a m\u00e1s de 1.300 participantes, provenientes de cada rinc\u00f3n\ndel pa\u00eds, desde Arica a Punta Arenas, incluyendo Isla de Pascua.<\/p>\n\n\n\n<p>El programa, que se extender\u00e1 de marzo a diciembre,\nen alianza con reconocidas instituciones nacionales, como la Universidad Adolfo\nIb\u00e1\u00f1ez (UAI) y la Universidad Cat\u00f3lica de Valpara\u00edso (PUCV), tiene como objetivo\neducar y acercar a toda la comunidad al mercado de valores, incentivar el\nahorro y la inversi\u00f3n responsable. <\/p>\n\n\n\n<p>En el contexto de la alianza con la Universidad\nAdolfo Ib\u00e1\u00f1ez (UAI), la Bolsa de Santiago ofrece cursos y charlas\nintroductorias al mercado financiero, dictados por expertos en el \u00e1rea y\norientados a la comunidad en general; mientras que, por segundo a\u00f1o consecutivo,\nrealizar\u00e1 diversas charlas gratuitas a estudiantes de ense\u00f1anza media y\nsuperior de pregrado en conjunto con la Pontificia Universidad Cat\u00f3lica de\nValpara\u00edso (PUCV). <\/p>\n\n\n\n<p>El ciclo de charlas con la PUCV comenzar\u00e1 en mayo con\nel webinar: \u201cZoom a la Educaci\u00f3n Financiera\u201d, la cual contar\u00e1 con una\npresentaci\u00f3n sobre la historia de la plaza burs\u00e1til, su misi\u00f3n, visi\u00f3n y rol en\nel desarrollo de un mercado de valores sostenible, mientras que un acad\u00e9mico experto\nde la PUCV profundizar\u00e1 sobre el mercado de valores y la importancia que \u00e9ste\ntiene para la econom\u00eda del pa\u00eds. <\/p>\n\n\n\n<p>\u201cLa Educaci\u00f3n\nFinanciera es uno de los pilares estrat\u00e9gicos de la Bolsa de Santiago. Queremos\nfacilitar el acceso de los estudiantes y la sociedad en general, promocionar\nalternativas de inversiones en instrumentos regulados y entregar herramientas\npara ense\u00f1arles acerca del funcionamiento del mercado de valores, como posibles\ninversionistas en el futuro\u201d, asegur\u00f3 Jos\u00e9 Antonio Mart\u00ednez, gerente general de\nla Bolsa de Santiago. <\/p>\n\n\n\n<p>Para conocer m\u00e1s informaci\u00f3n respecto a los cursos y\ncharlas que ofrece la Bolsa de Santiago visita: <a href=\"http:\/\/www.bolsadesantiago.cl\">www.bolsadesantiago.cl<\/a><\/p>\n","protected":false},"excerpt":{"rendered":"<p>Con el objetivo de llevar la Educaci\u00f3n Financiera a lo largo de todo el pa\u00eds, la Bolsa de Santiago inici\u00f3 su programa 2021 de cursos y charlas introductorias al mercado&#8230; <a class=\"read-more\" href=\"https:\/\/www.radiopresidenteibanez.cl\/web\/bolsa-de-santiago-da-inicio-a-programa-de-educacion-financiera-con-cursos-y-charlas-online-a-lo-largo-de-todo-el-pais\/\">Leer m\u00e1s<\/a><\/p>\n","protected":false},"author":2,"featured_media":19447,"comment_status":"closed","ping_status":"closed","sticky":false,"template":"","format":"standard","meta":{"footnotes":""},"categories":[1],"tags":[],"class_list":["post-19446","post","type-post","status-publish","format-standard","has-post-thumbnail","hentry","category-cronica"],"_links":{"self":[{"href":"https:\/\/www.radiopresidenteibanez.cl\/web\/wp-json\/wp\/v2\/posts\/19446","targetHints":{"allow":["GET"]}}],"collection":[{"href":"https:\/\/www.radiopresidenteibanez.cl\/web\/wp-json\/wp\/v2\/posts"}],"about":[{"href":"https:\/\/www.radiopresidenteibanez.cl\/web\/wp-json\/wp\/v2\/types\/post"}],"author":[{"embeddable":true,"href":"https:\/\/www.radiopresidenteibanez.cl\/web\/wp-json\/wp\/v2\/users\/2"}],"replies":[{"embeddable":true,"href":"https:\/\/www.radiopresidenteibanez.cl\/web\/wp-json\/wp\/v2\/comments?post=19446"}],"version-history":[{"count":0,"href":"https:\/\/www.radiopresidenteibanez.cl\/web\/wp-json\/wp\/v2\/posts\/19446\/revisions"}],"wp:featuredmedia":[{"embeddable":true,"href":"https:\/\/www.radiopresidenteibanez.cl\/web\/wp-json\/wp\/v2\/media\/19447"}],"wp:attachment":[{"href":"https:\/\/www.radiopresidenteibanez.cl\/web\/wp-json\/wp\/v2\/media?parent=19446"}],"wp:term":[{"taxonomy":"category","embeddable":true,"href":"https:\/\/www.radiopresidenteibanez.cl\/web\/wp-json\/wp\/v2\/categories?post=19446"},{"taxonomy":"post_tag","embeddable":true,"href":"https:\/\/www.radiopresidenteibanez.cl\/web\/wp-json\/wp\/v2\/tags?post=19446"}],"curies":[{"name":"wp","href":"https:\/\/api.w.org\/{rel}","templated":true}]}}