{"id":19439,"date":"2021-03-22T15:53:30","date_gmt":"2021-03-22T15:53:30","guid":{"rendered":"https:\/\/www.radiopresidenteibanez.cl\/web\/?p=19439"},"modified":"2021-03-22T15:53:35","modified_gmt":"2021-03-22T15:53:35","slug":"ferry-de-tabsa-traslada-mamografo-movil-a-puerto-eden","status":"publish","type":"post","link":"https:\/\/www.radiopresidenteibanez.cl\/web\/ferry-de-tabsa-traslada-mamografo-movil-a-puerto-eden\/","title":{"rendered":"FERRY DE TABSA TRASLADA MAM\u00d3GRAFO M\u00d3VIL A PUERTO ED\u00c9N"},"content":{"rendered":"\n<p>En el ferry Crux Asutralis de Tabsa, fue traslado hasta Puerto Ed\u00e9n, por primera vez en su historia, la Unidad de Mamograf\u00eda M\u00f3vil de la Atenci\u00f3n Primaria de Salud de Magallanes con el que se realizar\u00e1n ex\u00e1menes preventivos a la poblaci\u00f3n objetivo de usuarias, como una forma de contribuir a la detecci\u00f3n y pesquisa precoz del c\u00e1ncer de mama.<\/p>\n\n\n\n<p>Desde la empresa mar\u00edtima se destac\u00f3 que el traslado del equipo m\u00e9dico se realiz\u00f3 sin costo para el Servicio de Salud, al igual que cuando fue enviado a Puerto Williams, como una forma de aportar al bienestar de los habitantes de la apartada localidad de Puerto Ed\u00e9n.<\/p>\n\n\n\n<p>\u201cEn Tabsa siempre queremos contribuir y apoyar a las zonas aisladas de Magallanes, es lo que hemos hecho en los 52 a\u00f1os de vida de nuestra empresa y lo seguiremos haciendo\u201d, destac\u00f3 el gerente general de la compa\u00f1\u00eda, Alejandro Kusanovic.<\/p>\n","protected":false},"excerpt":{"rendered":"<p>En el ferry Crux Asutralis de Tabsa, fue traslado hasta Puerto Ed\u00e9n, por primera vez en su historia, la Unidad de Mamograf\u00eda M\u00f3vil de la Atenci\u00f3n Primaria de Salud de&#8230; <a class=\"read-more\" href=\"https:\/\/www.radiopresidenteibanez.cl\/web\/ferry-de-tabsa-traslada-mamografo-movil-a-puerto-eden\/\">Leer m\u00e1s<\/a><\/p>\n","protected":false},"author":2,"featured_media":19440,"comment_status":"closed","ping_status":"closed","sticky":false,"template":"","format":"standard","meta":{"footnotes":""},"categories":[1],"tags":[],"class_list":["post-19439","post","type-post","status-publish","format-standard","has-post-thumbnail","hentry","category-cronica"],"_links":{"self":[{"href":"https:\/\/www.radiopresidenteibanez.cl\/web\/wp-json\/wp\/v2\/posts\/19439","targetHints":{"allow":["GET"]}}],"collection":[{"href":"https:\/\/www.radiopresidenteibanez.cl\/web\/wp-json\/wp\/v2\/posts"}],"about":[{"href":"https:\/\/www.radiopresidenteibanez.cl\/web\/wp-json\/wp\/v2\/types\/post"}],"author":[{"embeddable":true,"href":"https:\/\/www.radiopresidenteibanez.cl\/web\/wp-json\/wp\/v2\/users\/2"}],"replies":[{"embeddable":true,"href":"https:\/\/www.radiopresidenteibanez.cl\/web\/wp-json\/wp\/v2\/comments?post=19439"}],"version-history":[{"count":0,"href":"https:\/\/www.radiopresidenteibanez.cl\/web\/wp-json\/wp\/v2\/posts\/19439\/revisions"}],"wp:featuredmedia":[{"embeddable":true,"href":"https:\/\/www.radiopresidenteibanez.cl\/web\/wp-json\/wp\/v2\/media\/19440"}],"wp:attachment":[{"href":"https:\/\/www.radiopresidenteibanez.cl\/web\/wp-json\/wp\/v2\/media?parent=19439"}],"wp:term":[{"taxonomy":"category","embeddable":true,"href":"https:\/\/www.radiopresidenteibanez.cl\/web\/wp-json\/wp\/v2\/categories?post=19439"},{"taxonomy":"post_tag","embeddable":true,"href":"https:\/\/www.radiopresidenteibanez.cl\/web\/wp-json\/wp\/v2\/tags?post=19439"}],"curies":[{"name":"wp","href":"https:\/\/api.w.org\/{rel}","templated":true}]}}