{"id":19437,"date":"2021-03-22T15:50:29","date_gmt":"2021-03-22T15:50:29","guid":{"rendered":"https:\/\/www.radiopresidenteibanez.cl\/web\/?p=19437"},"modified":"2021-03-22T15:50:35","modified_gmt":"2021-03-22T15:50:35","slug":"prodemu-abrio-inscripciones-para-que-110-mujeres-de-la-region-nivelen-sus-estudios-con-fines-laborales","status":"publish","type":"post","link":"https:\/\/www.radiopresidenteibanez.cl\/web\/prodemu-abrio-inscripciones-para-que-110-mujeres-de-la-region-nivelen-sus-estudios-con-fines-laborales\/","title":{"rendered":"PRODEMU ABRI\u00d3 INSCRIPCIONES PARA QUE 110 MUJERES  DE LA REGI\u00d3N NIVELEN SUS ESTUDIOS CON FINES LABORALES"},"content":{"rendered":"\n<p>PRODEMU,\nFundaci\u00f3n que preside la Primera Dama, Cecilia Morel, abri\u00f3 las inscripciones\npara contribuir a que 110 mujeres adultas que han desertado del sistema\neducacional, puedan finalizar su educaci\u00f3n a trav\u00e9s de la nivelaci\u00f3n y\nvalidaci\u00f3n de estudios.<\/p>\n\n\n\n<p>Lo anterior,\ndebido a que, por diversos motivos, muchas mujeres han tenido postergar sus\nestudios, sin embargo, nunca es tarde para finalizar esa etapa de la vida. <\/p>\n\n\n\n<p>En ese sentido,\ny pensando en trabajar desde un enfoque integral que ayude a disminuir la\nbrecha que hoy existe entre hombres y mujeres en materia educacional, PRODEMU, impulsa\neste espacio de nivelaci\u00f3n y validaci\u00f3n de estudios cuyo prop\u00f3sito es\nfortalecer las autonom\u00edas de las mujeres, mediante un proceso de empoderamiento\npersonal y de desarrollo de competencias para el empleo dependiente.<\/p>\n\n\n\n<p>La directora regional\nde PRODEMU, Gabriela S\u00e1nchez Ca\u00f1ete, explic\u00f3 que existen diversas razones por\nla que las mujeres abandonan su formaci\u00f3n de ense\u00f1anza media; deberes en las\nlabores dom\u00e9sticas y de cuidado, embarazo temprano, problemas familiares,\nnecesidad de generar ingresos, entre otros. <\/p>\n\n\n\n<p>\u201cEl a\u00f1o pasado ejecutamos\nen la regi\u00f3n este programa Cumpliendo un Sue\u00f1o que se enmarca en la Ruta del\nEmpleo Dependiente que implementamos como PRODEMU y fue muy bien recibido por\nlas mujeres que pudieron nivelar sus estudios. El no contar con su ense\u00f1anza\nmedia completa, muchas veces les dificulta sus posibilidades de ingresar al\nmercado laboral dependiente, lo que se ve acrecentando por&nbsp;la desigualdad\nsocial y la brecha de g\u00e9nero, por eso la validaci\u00f3n de estudios est\u00e1 orientada\na fines laborales y a contribuir al proceso de empoderamiento de las mujeres\u201d,\nmanifest\u00f3 la directora.<\/p>\n\n\n\n<p><strong>Requisitos e inscripciones <\/strong><\/p>\n\n\n\n<p>Para participar\ndel proceso de nivelaci\u00f3n y validaci\u00f3n de estudios para fines laborales las\nmujeres deben contar con cuatro requisitos obligatorios que son: mujeres de 18\na\u00f1os en adelante; tener, como m\u00ednimo, 8\u00b0 b\u00e1sico aprobado; contar con\nherramientas digitales b\u00e1sicas, tales como correo electr\u00f3nico y acceso a\np\u00e1ginas web; tener un celular o acceso a un computador. <\/p>\n\n\n\n<p>Considerando\nque continuamos en pandemia, las clases se desarrollar\u00e1n de manera virtual\ncuatro veces a la semana con tutores del Instituto\nProfesional AIEP y profesores de ONG Good Neighbors.<\/p>\n\n\n\n<p>Para\ninscribirse en este programa, deben comunicarse a las siguientes sedes PRODEMU:<\/p>\n\n\n\n<ul class=\"wp-block-list\"><li>Provincia\nde Magallanes:&nbsp;61 2722010 y\/o correo <a href=\"mailto:mvidal@prodemu.cl\">mvidal@prodemu.cl<\/a><\/li><li>Provincia \u00daltima Esperanza: 61 2412029 y\/o correo <a href=\"mailto:mvasquez@prodemu.cl\">mvasquez@prodemu.cl<\/a><\/li><li>Provincia Tierra del Fuego: 61 2580254 y\/o correo <a href=\"mailto:mcuevas@prodemu.cl\">mcuevas@prodemu.cl<\/a><\/li><\/ul>\n","protected":false},"excerpt":{"rendered":"<p>PRODEMU, Fundaci\u00f3n que preside la Primera Dama, Cecilia Morel, abri\u00f3 las inscripciones para contribuir a que 110 mujeres adultas que han desertado del sistema educacional, puedan finalizar su educaci\u00f3n a&#8230; <a class=\"read-more\" href=\"https:\/\/www.radiopresidenteibanez.cl\/web\/prodemu-abrio-inscripciones-para-que-110-mujeres-de-la-region-nivelen-sus-estudios-con-fines-laborales\/\">Leer m\u00e1s<\/a><\/p>\n","protected":false},"author":2,"featured_media":16479,"comment_status":"closed","ping_status":"closed","sticky":false,"template":"","format":"standard","meta":{"footnotes":""},"categories":[1],"tags":[],"class_list":["post-19437","post","type-post","status-publish","format-standard","has-post-thumbnail","hentry","category-cronica"],"_links":{"self":[{"href":"https:\/\/www.radiopresidenteibanez.cl\/web\/wp-json\/wp\/v2\/posts\/19437","targetHints":{"allow":["GET"]}}],"collection":[{"href":"https:\/\/www.radiopresidenteibanez.cl\/web\/wp-json\/wp\/v2\/posts"}],"about":[{"href":"https:\/\/www.radiopresidenteibanez.cl\/web\/wp-json\/wp\/v2\/types\/post"}],"author":[{"embeddable":true,"href":"https:\/\/www.radiopresidenteibanez.cl\/web\/wp-json\/wp\/v2\/users\/2"}],"replies":[{"embeddable":true,"href":"https:\/\/www.radiopresidenteibanez.cl\/web\/wp-json\/wp\/v2\/comments?post=19437"}],"version-history":[{"count":0,"href":"https:\/\/www.radiopresidenteibanez.cl\/web\/wp-json\/wp\/v2\/posts\/19437\/revisions"}],"wp:featuredmedia":[{"embeddable":true,"href":"https:\/\/www.radiopresidenteibanez.cl\/web\/wp-json\/wp\/v2\/media\/16479"}],"wp:attachment":[{"href":"https:\/\/www.radiopresidenteibanez.cl\/web\/wp-json\/wp\/v2\/media?parent=19437"}],"wp:term":[{"taxonomy":"category","embeddable":true,"href":"https:\/\/www.radiopresidenteibanez.cl\/web\/wp-json\/wp\/v2\/categories?post=19437"},{"taxonomy":"post_tag","embeddable":true,"href":"https:\/\/www.radiopresidenteibanez.cl\/web\/wp-json\/wp\/v2\/tags?post=19437"}],"curies":[{"name":"wp","href":"https:\/\/api.w.org\/{rel}","templated":true}]}}